{"id":22803,"date":"2026-04-14T16:47:10","date_gmt":"2026-04-14T16:47:10","guid":{"rendered":"https:\/\/sahel.watch\/?p=22803"},"modified":"2026-04-14T16:47:10","modified_gmt":"2026-04-14T16:47:10","slug":"la-guinee-forestiere-reste-t-elle-un-foyer-instable","status":"publish","type":"post","link":"https:\/\/sahel.watch\/en\/la-guinee-forestiere-reste-t-elle-un-foyer-instable\/","title":{"rendered":"La Guin\u00e9e Foresti\u00e8re reste-t-elle un foyer instable ?"},"content":{"rendered":"<p><h2>Pourquoi la Guin\u00e9e Foresti\u00e8re est au c\u0153ur des inqui\u00e9tudes<\/h2>\n<p>La Guin\u00e9e Foresti\u00e8re, au sud-est de la Guin\u00e9e, est longtemps apparue comme l\u2019une des zones les plus sensibles du pays. Frontali\u00e8re du Liberia, de la Sierra Leone et de la C\u00f4te d\u2019Ivoire, elle concentre des enjeux s\u00e9curitaires, fonciers, identitaires et \u00e9conomiques qui d\u00e9passent largement le cadre local.<\/p>\n<p>La question centrale aujourd\u2019hui est moins de savoir si la r\u00e9gion est \u00ab en guerre \u00bb \u2013 ce n\u2019est pas le cas \u2013 que de d\u00e9terminer si elle reste un foyer d\u2019instabilit\u00e9 chronique, susceptible de se rallumer en crise aigu\u00eb. Les travaux d\u2019organisations comme International Crisis Group, Small Arms Survey, ainsi que diverses \u00e9tudes acad\u00e9miques sur la r\u00e9gion foresti\u00e8re et le \u00ab Mano River basin \u00bb, convergent sur un point : le potentiel de tensions reste \u00e9lev\u00e9, m\u00eame si les formes de violence ont \u00e9volu\u00e9.<\/p>\n<h2>Une r\u00e9gion marqu\u00e9e par les guerres civiles voisines<\/h2>\n<p>La Guin\u00e9e Foresti\u00e8re a \u00e9t\u00e9 profond\u00e9ment affect\u00e9e par les conflits du Liberia et de la Sierra Leone dans les ann\u00e9es 1990-2000. R\u00e9fugi\u00e9s, combattants, armes l\u00e9g\u00e8res et trafics ont circul\u00e9 \u00e0 travers des fronti\u00e8res poreuses. Des localit\u00e9s comme Gu\u00e9ck\u00e9dou, Macenta ou N\u2019Z\u00e9r\u00e9kor\u00e9 ont connu des affrontements intercommunautaires violents, souvent aliment\u00e9s par ces dynamiques r\u00e9gionales.<\/p>\n<p>Cette histoire a laiss\u00e9 plusieurs h\u00e9ritages :<\/p>\n<ul>\n<li>une densit\u00e9 importante d\u2019armes l\u00e9g\u00e8res et de r\u00e9seaux transfrontaliers informels ;<\/li>\n<li>des m\u00e9moires de violence encore vives dans certaines communaut\u00e9s ;<\/li>\n<li>une habitude de mobilisations communautaires rapides, parfois arm\u00e9es, en cas de tensions locales.<\/li>\n<\/ul>\n<p>Si l\u2019intensit\u00e9 des violences a nettement diminu\u00e9 par rapport aux ann\u00e9es de guerre r\u00e9gionale, ces h\u00e9ritages structurent encore les perceptions de menace et les r\u00e9flexes de d\u00e9fense communautaire.<\/p>\n<h2>Une instabilit\u00e9 surtout politique, sociale et fonci\u00e8re<\/h2>\n<p>La Guin\u00e9e Foresti\u00e8re n\u2019est pas aujourd\u2019hui un \u00e9picentre de terrorisme jihadiste comparable au Sahel. L\u2019instabilit\u00e9 y est d\u2019abord politique, sociale et fonci\u00e8re, avec des risques de flamb\u00e9es localis\u00e9es plut\u00f4t que de conflit g\u00e9n\u00e9ralis\u00e9.<\/p>\n<h3>Tensions fonci\u00e8res et concurrence pour les ressources<\/h3>\n<p>La pression sur la terre y est particuli\u00e8rement forte, en raison :<\/p>\n<ul>\n<li>de la densit\u00e9 d\u00e9mographique plus \u00e9lev\u00e9e que dans d\u2019autres r\u00e9gions de Guin\u00e9e ;<\/li>\n<li>de l\u2019importance de l\u2019agriculture (vivri\u00e8re et de rente, notamment caf\u00e9, cacao, h\u00e9v\u00e9a) ;<\/li>\n<li>de la pr\u00e9sence de for\u00eats class\u00e9es et d\u2019aires prot\u00e9g\u00e9es, qui limitent l\u2019acc\u00e8s \u00e0 certaines terres ;<\/li>\n<li>des installations successives de populations d\u00e9plac\u00e9es ou r\u00e9fugi\u00e9es depuis les pays voisins.<\/li>\n<\/ul>\n<p>Les conflits fonciers m\u00ealent dimensions coutumi\u00e8res (chefferies, lignages, droits d\u2019\u00ab autochtones \u00bb) et interventions de l\u2019\u00c9tat (titres, concessions, projets). Les \u00e9tudes de terrain montrent que ces tensions sont souvent \u00e0 l\u2019origine d\u2019affrontements intercommunautaires, parfois violents, surtout lorsque des acteurs politiques locaux les instrumentalisent.<\/p>\n<h3>Clivages identitaires et politisation locale<\/h3>\n<p>La r\u00e9gion est marqu\u00e9e par une forte diversit\u00e9 ethnique (Kissi, Guerz\u00e9\/Kpelle, Mano, Konia, Toma, mais aussi Malink\u00e9, Peul et autres groupes venus d\u2019autres r\u00e9gions de Guin\u00e9e). Les lignes de fracture ne sont ni fig\u00e9es ni uniquement \u00ab ethniques \u00bb, mais plusieurs facteurs se combinent :<\/p>\n<ul>\n<li>rivalit\u00e9s anciennes autour de la chefferie et du contr\u00f4le des terres ;<\/li>\n<li>perceptions d\u2019in\u00e9galit\u00e9s dans l\u2019acc\u00e8s aux postes administratifs, aux march\u00e9s publics, aux services ;<\/li>\n<li>alignements sur des clivages politiques nationaux, notamment lors des \u00e9lections.<\/li>\n<\/ul>\n<p>Les p\u00e9riodes \u00e9lectorales ont souvent agi comme des catalyseurs. Des violences \u00e0 N\u2019Z\u00e9r\u00e9kor\u00e9 et dans d\u2019autres localit\u00e9s ont \u00e9t\u00e9 document\u00e9es lors de scrutins contest\u00e9s, avec un enchev\u00eatrement de discours politiques, identitaires et religieux. La r\u00e9gion est ainsi per\u00e7ue comme un barom\u00e8tre sensible des tensions nationales.<\/p>\n<h3>D\u00e9fiance envers l\u2019\u00c9tat et gouvernance locale fragile<\/h3>\n<p>Les enqu\u00eates de terrain men\u00e9es par des chercheurs et des ONG convergent sur une forte d\u00e9fiance \u00e0 l\u2019\u00e9gard des institutions publiques : justice, forces de s\u00e9curit\u00e9, administration territoriale. Les griefs r\u00e9currents portent sur :<\/p>\n<ul>\n<li>la lenteur ou la partialit\u00e9 per\u00e7ue de la justice dans les litiges fonciers ou communautaires ;<\/li>\n<li>la corruption et la pr\u00e9dation de certains repr\u00e9sentants de l\u2019\u00c9tat ;<\/li>\n<li>l\u2019usage excessif de la force lors de manifestations ou d\u2019op\u00e9rations de maintien de l\u2019ordre.<\/li>\n<\/ul>\n<p>Cette d\u00e9fiance encourage le recours \u00e0 des m\u00e9canismes parall\u00e8les de r\u00e9gulation (chefferies coutumi\u00e8res, m\u00e9diations religieuses, comit\u00e9s locaux), qui peuvent jouer un r\u00f4le stabilisateur, mais aussi \u00eatre instrumentalis\u00e9s par des acteurs politiques ou \u00e9conomiques.<\/p>\n<h2>Un espace transfrontalier sous pression<\/h2>\n<p>La position de la Guin\u00e9e Foresti\u00e8re au c\u0153ur du bassin du Mano en fait une zone de transit et d\u2019\u00e9changes intenses, l\u00e9gaux et ill\u00e9gaux. Plusieurs dimensions se croisent :<\/p>\n<ul>\n<li>commerces transfrontaliers de produits agricoles, de b\u00e9tail, de carburant, de biens de consommation ;<\/li>\n<li>trafics divers (bois, faune, parfois or, diamants, voire drogues et armes) ;<\/li>\n<li>mobilit\u00e9s saisonni\u00e8res et circulations de main-d\u2019\u0153uvre entre Guin\u00e9e, Liberia, Sierra Leone et C\u00f4te d\u2019Ivoire.<\/li>\n<\/ul>\n<p>Ces dynamiques ne sont pas en soi synonymes de violence, mais elles cr\u00e9ent des \u00e9conomies informelles puissantes, parfois contr\u00f4l\u00e9es par des r\u00e9seaux qui entretiennent des liens ambigus avec certains segments des forces de s\u00e9curit\u00e9 ou des \u00e9lites locales.<\/p>\n<p>La porosit\u00e9 des fronti\u00e8res reste un enjeu de vigilance pour les \u00c9tats de la r\u00e9gion et les organisations internationales, notamment en termes de circulation d\u2019armes l\u00e9g\u00e8res et de possibles reconfigurations de groupes arm\u00e9s r\u00e9siduels ou de r\u00e9seaux de combattants d\u00e9mobilis\u00e9s.<\/p>\n<h2>Qu\u2019en est-il de la menace jihadiste ?<\/h2>\n<p>\u00c0 ce stade, la Guin\u00e9e Foresti\u00e8re ne constitue pas un foyer majeur d\u2019activit\u00e9s jihadistes comparables \u00e0 ceux observ\u00e9s au Sahel central ou dans le nord du Nigeria. Les donn\u00e9es d\u2019ACLED, les analyses de think tanks comme ISS Africa ou Clingendael et les rapports onusiens indiquent que :<\/p>\n<ul>\n<li>les incidents directement attribu\u00e9s \u00e0 des groupes jihadistes y restent rares ;<\/li>\n<li>la plupart des violences document\u00e9es rel\u00e8vent de conflits locaux (foncier, politique, intercommunautaire) ;<\/li>\n<li>la r\u00e9gion est davantage concern\u00e9e par des risques de contagion indirecte (discours, r\u00e9seaux, trafics) que par une implantation structur\u00e9e.<\/li>\n<\/ul>\n<p>Cependant, certains facteurs structurels \u2013 marginalisation per\u00e7ue, ch\u00f4mage des jeunes, sentiment d\u2019injustice, pr\u00e9sence de r\u00e9seaux transfrontaliers \u2013 sont r\u00e9guli\u00e8rement mentionn\u00e9s comme des vuln\u00e9rabilit\u00e9s potentielles \u00e0 des formes de radicalisation violente, si elles venaient \u00e0 \u00eatre exploit\u00e9es par des acteurs organis\u00e9s.<\/p>\n<p>Pour l\u2019instant, les signaux restent plut\u00f4t au niveau de la vigilance que de l\u2019alerte, mais la tendance r\u00e9gionale en Afrique de l\u2019Ouest invite \u00e0 ne pas sous-estimer ces risques \u00e0 moyen terme.<\/p>\n<h2>\u00c9volution r\u00e9cente : stabilisation relative, fragilit\u00e9s persistantes<\/h2>\n<p>Les derni\u00e8res ann\u00e9es ont \u00e9t\u00e9 marqu\u00e9es par :<\/p>\n<ul>\n<li>une diminution globale de l\u2019intensit\u00e9 des affrontements par rapport aux pics de violence pass\u00e9s ;<\/li>\n<li>un renforcement progressif de certains dispositifs de m\u00e9diation communautaire et de pr\u00e9vention des conflits ;<\/li>\n<li>des efforts, encore in\u00e9gaux, de l\u2019\u00c9tat et de ses partenaires pour am\u00e9liorer la pr\u00e9sence administrative et les services de base.<\/li>\n<\/ul>\n<p>Dans le m\u00eame temps, plusieurs fragilit\u00e9s demeurent :<\/p>\n<ul>\n<li>la volatilit\u00e9 de la situation politique nationale en Guin\u00e9e, qui se r\u00e9percute sur la r\u00e9gion foresti\u00e8re ;<\/li>\n<li>la forte d\u00e9pendance des populations \u00e0 des activit\u00e9s vuln\u00e9rables aux chocs (prix agricoles, fermeture de fronti\u00e8res, crises sanitaires comme Ebola puis la COVID-19) ;<\/li>\n<li>la persistance de diff\u00e9rends fonciers non r\u00e9solus et de m\u00e9moires de violences non apais\u00e9es.<\/li>\n<\/ul>\n<p>Les observateurs soulignent que la r\u00e9gion oscille entre accalmie relative et risque de flamb\u00e9es ponctuelles, souvent impr\u00e9visibles dans leur d\u00e9clenchement mais pr\u00e9visibles dans leurs causes profondes.<\/p>\n<h2>Quels enjeux pour les acteurs externes ?<\/h2>\n<p>Pour les organisations internationales, ONG et entreprises op\u00e9rant en Guin\u00e9e Foresti\u00e8re, l\u2019instabilit\u00e9 se manifeste principalement par :<\/p>\n<ul>\n<li>des risques de tensions localis\u00e9es autour de projets (acc\u00e8s \u00e0 la terre, emploi, redistribution des b\u00e9n\u00e9fices) ;<\/li>\n<li>des enjeux de l\u00e9gitimit\u00e9 et d\u2019acceptabilit\u00e9 sociale, dans un contexte de m\u00e9fiance envers l\u2019\u00c9tat et certains acteurs ext\u00e9rieurs ;<\/li>\n<li>la n\u00e9cessit\u00e9 de comprendre les \u00e9quilibres locaux (chefferies, r\u00e9seaux religieux, jeunesse, femmes, commer\u00e7ants) pour anticiper les crispations.<\/li>\n<\/ul>\n<p>\u00c0 l\u2019\u00e9chelle r\u00e9gionale, la Guin\u00e9e Foresti\u00e8re reste un maillon important de la stabilit\u00e9 du bassin du Mano. Une d\u00e9gradation significative de la situation pourrait avoir des r\u00e9percussions transfrontali\u00e8res, comme l\u2019ont montr\u00e9 les crises pass\u00e9es. D\u2019o\u00f9 l\u2019int\u00e9r\u00eat continu port\u00e9 par les organisations r\u00e9gionales et internationales \u00e0 cette zone, m\u00eame en l\u2019absence de conflit ouvert.<\/p>\n<h2>La Guin\u00e9e Foresti\u00e8re est-elle encore un foyer instable ?<\/h2>\n<p>La r\u00e9ponse d\u00e9pend de la d\u00e9finition de l\u2019instabilit\u00e9. La r\u00e9gion n\u2019est pas aujourd\u2019hui un th\u00e9\u00e2tre de guerre civile ni un front jihadiste majeur. Toutefois, plusieurs \u00e9l\u00e9ments justifient de la consid\u00e9rer comme un foyer d\u2019instabilit\u00e9 potentielle :<\/p>\n<ul>\n<li>un socle de tensions fonci\u00e8res et communautaires non r\u00e9solues ;<\/li>\n<li>une gouvernance locale fragile et une forte d\u00e9fiance envers l\u2019\u00c9tat ;<\/li>\n<li>une insertion dans des dynamiques transfrontali\u00e8res parfois difficiles \u00e0 r\u00e9guler ;<\/li>\n<li>un contexte national et r\u00e9gional lui-m\u00eame en recomposition.<\/li>\n<\/ul>\n<p>La tendance actuelle peut \u00eatre r\u00e9sum\u00e9e ainsi : la Guin\u00e9e Foresti\u00e8re est moins explosive qu\u2019au plus fort des crises pass\u00e9es, mais reste structurellement fragile. Les risques r\u00e9sident moins dans un basculement soudain vers un conflit g\u00e9n\u00e9ralis\u00e9 que dans une succession de crises localis\u00e9es, susceptibles de s\u2019agr\u00e9ger si elles ne sont pas g\u00e9r\u00e9es de mani\u00e8re inclusive et pr\u00e9ventive.<\/p>\n<p>Pour les d\u00e9cideurs comme pour le grand public, l\u2019enjeu est donc de d\u00e9passer l\u2019image fig\u00e9e d\u2019une \u00ab zone rouge \u00bb permanente, sans pour autant minimiser les vuln\u00e9rabilit\u00e9s profondes qui continuent de faire de la Guin\u00e9e Foresti\u00e8re un espace \u00e0 surveiller de pr\u00e8s dans l\u2019architecture s\u00e9curitaire ouest-africaine.<\/p><\/p>\n","protected":false},"excerpt":{"rendered":"<p>Pourquoi la Guin\u00e9e Foresti\u00e8re est au c\u0153ur des inqui\u00e9tudes La Guin\u00e9e Foresti\u00e8re, au sud-est de la Guin\u00e9e, est longtemps apparue comme l\u2019une des zones les plus sensibles du pays. Frontali\u00e8re du Liberia, de la Sierra Leone et de la C\u00f4te d\u2019Ivoire, elle concentre des enjeux s\u00e9curitaires, fonciers, identitaires et \u00e9conomiques qui d\u00e9passent largement le cadre [&hellip;]<\/p>\n","protected":false},"author":1,"featured_media":0,"comment_status":"closed","ping_status":"closed","sticky":false,"template":"","format":"standard","meta":{"_acf_changed":false,"_seopress_robots_primary_cat":"","_seopress_titles_title":"Guin\u00e9e Foresti\u00e8re : r\u00e9gion toujours instable ?","_seopress_titles_desc":"La Guin\u00e9e Foresti\u00e8re est-elle encore un foyer d\u2019instabilit\u00e9 ? Enjeux s\u00e9curitaires, tensions locales, risques transfrontaliers : analyse actualis\u00e9e.","_seopress_robots_index":"","footnotes":""},"acteur":[107],"niveau":[114],"risque":[117,119],"thematique":[136],"zone":[],"class_list":{"0":"post-22803","1":"post","2":"type-post","3":"status-publish","4":"format-standard","6":"acteur-etats-et-institutions-publiques","7":"niveau-niveau-analytique","8":"risque-risques-securitaires","9":"risque-risques-sociaux-et-reputationnels","10":"thematique-gouvernance-et-transitions-politiques"},"acf":[],"_links":{"self":[{"href":"https:\/\/sahel.watch\/en\/wp-json\/wp\/v2\/posts\/22803","targetHints":{"allow":["GET"]}}],"collection":[{"href":"https:\/\/sahel.watch\/en\/wp-json\/wp\/v2\/posts"}],"about":[{"href":"https:\/\/sahel.watch\/en\/wp-json\/wp\/v2\/types\/post"}],"author":[{"embeddable":true,"href":"https:\/\/sahel.watch\/en\/wp-json\/wp\/v2\/users\/1"}],"replies":[{"embeddable":true,"href":"https:\/\/sahel.watch\/en\/wp-json\/wp\/v2\/comments?post=22803"}],"version-history":[{"count":1,"href":"https:\/\/sahel.watch\/en\/wp-json\/wp\/v2\/posts\/22803\/revisions"}],"predecessor-version":[{"id":28363,"href":"https:\/\/sahel.watch\/en\/wp-json\/wp\/v2\/posts\/22803\/revisions\/28363"}],"wp:attachment":[{"href":"https:\/\/sahel.watch\/en\/wp-json\/wp\/v2\/media?parent=22803"}],"wp:term":[{"taxonomy":"acteur","embeddable":true,"href":"https:\/\/sahel.watch\/en\/wp-json\/wp\/v2\/acteur?post=22803"},{"taxonomy":"niveau","embeddable":true,"href":"https:\/\/sahel.watch\/en\/wp-json\/wp\/v2\/niveau?post=22803"},{"taxonomy":"risque","embeddable":true,"href":"https:\/\/sahel.watch\/en\/wp-json\/wp\/v2\/risque?post=22803"},{"taxonomy":"thematique","embeddable":true,"href":"https:\/\/sahel.watch\/en\/wp-json\/wp\/v2\/thematique?post=22803"},{"taxonomy":"zone","embeddable":true,"href":"https:\/\/sahel.watch\/en\/wp-json\/wp\/v2\/zone?post=22803"}],"curies":[{"name":"wp","href":"https:\/\/api.w.org\/{rel}","templated":true}]}}