{"id":22783,"date":"2025-12-09T09:18:55","date_gmt":"2025-12-09T09:18:55","guid":{"rendered":"https:\/\/sahel.watch\/?p=22783"},"modified":"2026-03-22T18:06:04","modified_gmt":"2026-03-22T18:06:04","slug":"comment-lome-gere-t-il-la-militarisation-du-nord","status":"publish","type":"post","link":"https:\/\/sahel.watch\/en\/comment-lome-gere-t-il-la-militarisation-du-nord\/","title":{"rendered":"Comment Lom\u00e9 g\u00e8re-t-il la militarisation du nord ?"},"content":{"rendered":"<p>Depuis 2021, le nord du Togo est progressivement entr\u00e9 dans le champ des pr\u00e9occupations s\u00e9curitaires r\u00e9gionales. Longtemps consid\u00e9r\u00e9 comme un pays \u00ab en marge \u00bb du c\u0153ur sah\u00e9lien, le Togo est d\u00e9sormais confront\u00e9 \u00e0 des incursions de groupes arm\u00e9s li\u00e9s \u00e0 Al-Qa\u00efda et \u00e0 l\u2019\u00c9tat islamique, dans la continuit\u00e9 des dynamiques observ\u00e9es au Burkina Faso et au B\u00e9nin. Cette \u00e9volution a entra\u00een\u00e9 une militarisation rapide de la r\u00e9gion des Savanes et, dans une moindre mesure, de la Kara. Comprendre comment Lom\u00e9 g\u00e8re cette militarisation implique d\u2019examiner \u00e0 la fois les choix s\u00e9curitaires, les contraintes politiques et les effets locaux.<\/p>\n<h2>Un nord togolais devenu zone de front<\/h2>\n<p>La r\u00e9gion des Savanes, frontali\u00e8re du Burkina Faso, est au c\u0153ur des pr\u00e9occupations. Depuis 2018, la d\u00e9gradation s\u00e9curitaire dans l\u2019est et le sud-est du Burkina a rapproch\u00e9 les fronts jihadistes des fronti\u00e8res togolaises. Des attaques attribu\u00e9es \u00e0 des groupes affili\u00e9s au JNIM (Groupe de soutien \u00e0 l\u2019islam et aux musulmans) ont \u00e9t\u00e9 recens\u00e9es sur le territoire togolais, notamment \u00e0 partir de 2021-2022, visant des positions militaires et parfois des civils dans des zones rurales.<\/p>\n<p>Le nord du Togo est ainsi pass\u00e9 d\u2019une zone de transit ou de repli potentiel pour certains acteurs (trafiquants, contrebandiers, groupes arm\u00e9s burkinab\u00e8) \u00e0 un espace de confrontation directe. Cette \u00e9volution a justifi\u00e9, du point de vue des autorit\u00e9s, une mont\u00e9e en puissance rapide du dispositif s\u00e9curitaire.<\/p>\n<h2>Les piliers de la r\u00e9ponse s\u00e9curitaire de Lom\u00e9<\/h2>\n<h3>Renforcement militaire et dispositifs sp\u00e9ciaux<\/h3>\n<p>Le premier axe est l\u2019augmentation de la pr\u00e9sence militaire au nord. Les forces arm\u00e9es togolaises ont d\u00e9ploy\u00e9 davantage d\u2019unit\u00e9s dans la r\u00e9gion des Savanes, multipliant les postes et patrouilles, en particulier dans les zones frontali\u00e8res avec le Burkina Faso. Cette pr\u00e9sence accrue s\u2019inscrit dans une logique de \u00ab verrouillage \u00bb des fronti\u00e8res, d\u00e9j\u00e0 observ\u00e9e dans d\u2019autres pays du Golfe de Guin\u00e9e confront\u00e9s \u00e0 l\u2019extension du conflit sah\u00e9lien.<\/p>\n<p>Plusieurs dispositifs sp\u00e9cifiques ont \u00e9t\u00e9 mis en avant :<\/p>\n<ul>\n<li>le d\u00e9ploiement renforc\u00e9 d\u2019unit\u00e9s d\u2019\u00e9lite et de forces sp\u00e9ciales dans les zones jug\u00e9es les plus expos\u00e9es ;<\/li>\n<li>la coordination entre forces arm\u00e9es, gendarmerie et services de renseignement pour le suivi des mouvements transfrontaliers ;<\/li>\n<li>la mise en place de zones d\u2019op\u00e9rations s\u00e9curitaires o\u00f9 les forces disposent de marges d\u2019action \u00e9largies.<\/li>\n<\/ul>\n<p>Cette militarisation s\u2019accompagne d\u2019un recours accru au renseignement local, avec une sollicitation des chefs traditionnels, des relais communautaires et des comit\u00e9s villageois pour signaler les mouvements suspects. Cette approche repose toutefois sur un \u00e9quilibre d\u00e9licat : elle peut renforcer la vigilance, mais aussi alimenter des tensions intra-communautaires si les m\u00e9canismes de signalement sont per\u00e7us comme arbitraires ou instrumentalis\u00e9s.<\/p>\n<h3>Cadre juridique d\u2019exception et contr\u00f4le renforc\u00e9<\/h3>\n<p>La r\u00e9ponse s\u00e9curitaire s\u2019est \u00e9galement traduite par l\u2019adoption de textes et de mesures d\u2019exception. L\u2019\u00e9tat d\u2019urgence s\u00e9curitaire a \u00e9t\u00e9 instaur\u00e9 dans la r\u00e9gion des Savanes, permettant :<\/p>\n<ul>\n<li>un contr\u00f4le plus strict des d\u00e9placements, notamment nocturnes ;<\/li>\n<li>des pouvoirs \u00e9largis pour les forces de s\u00e9curit\u00e9 en mati\u00e8re de fouilles, d\u2019arrestations et de d\u00e9tention ;<\/li>\n<li>des restrictions sur certaines activit\u00e9s \u00e9conomiques jug\u00e9es sensibles (circulation de carburant, de motos, etc.).<\/li>\n<\/ul>\n<p>Ces mesures visent \u00e0 r\u00e9duire la libert\u00e9 de man\u0153uvre des groupes arm\u00e9s, qui s\u2019appuient souvent sur la mobilit\u00e9 rapide, la discr\u00e9tion et l\u2019usage de r\u00e9seaux informels. Mais elles ont aussi des effets directs sur les populations locales, dont les \u00e9conomies reposent largement sur le commerce transfrontalier, les march\u00e9s ruraux et les mobilit\u00e9s saisonni\u00e8res.<\/p>\n<h3>Coop\u00e9ration r\u00e9gionale et ancrage dans les dispositifs du Golfe de Guin\u00e9e<\/h3>\n<p>La militarisation du nord togolais s\u2019inscrit dans une dynamique r\u00e9gionale. Lom\u00e9 participe aux initiatives collectives visant \u00e0 contenir l\u2019extension des groupes arm\u00e9s du Sahel vers les pays c\u00f4tiers :<\/p>\n<ul>\n<li>coop\u00e9ration s\u00e9curitaire avec le B\u00e9nin et le Ghana, via des exercices conjoints, des \u00e9changes de renseignement et des patrouilles coordonn\u00e9es le long des fronti\u00e8res communes ;<\/li>\n<li>participation aux cadres soutenus par des partenaires ext\u00e9rieurs (Union europ\u00e9enne, France, \u00c9tats-Unis, etc.) pour le renforcement des capacit\u00e9s, la formation et l\u2019\u00e9quipement des forces de s\u00e9curit\u00e9 ;<\/li>\n<li>implication dans les r\u00e9flexions sous-r\u00e9gionales sur la s\u00e9curisation de la bande frontali\u00e8re Burkina\u2013Togo\u2013B\u00e9nin, consid\u00e9r\u00e9e comme un \u00ab corridor \u00bb strat\u00e9gique pour les groupes jihadistes.<\/li>\n<\/ul>\n<p>Cette dimension r\u00e9gionale est centrale : les groupes arm\u00e9s ne s\u2019arr\u00eatent pas aux fronti\u00e8res administratives, et la pression militaire dans un pays peut provoquer des d\u00e9placements de combattants vers un autre. La strat\u00e9gie de Lom\u00e9 s\u2019efforce donc d\u2019articuler action nationale et coordination transfrontali\u00e8re.<\/p>\n<h2>Une militarisation \u00e0 forts enjeux politiques et sociaux<\/h2>\n<h3>Gestion de la population et risque de d\u00e9fiance<\/h3>\n<p>La militarisation du nord ne se r\u00e9duit pas \u00e0 un enjeu strictement s\u00e9curitaire. Elle s\u2019inscrit dans un contexte politique marqu\u00e9 par une centralisation du pouvoir et une m\u00e9fiance ancienne entre certaines populations du nord et le centre politique. La pr\u00e9sence accrue de l\u2019arm\u00e9e, les contr\u00f4les renforc\u00e9s et les op\u00e9rations de ratissage peuvent \u00eatre per\u00e7us comme une protection, mais aussi comme une forme de surveillance et de contr\u00f4le politique.<\/p>\n<p>Les risques identifi\u00e9s par de nombreuses recherches r\u00e9gionales sont connus :<\/p>\n<ul>\n<li>confusions possibles entre lutte contre le terrorisme et gestion de l\u2019opposition ou des contestations locales ;<\/li>\n<li>sentiment d\u2019injustice ou de stigmatisation au sein de certaines communaut\u00e9s, si les op\u00e9rations ciblent plus fortement des groupes per\u00e7us comme \u00ab suspects \u00bb (jeunes ruraux, \u00e9leveurs, commer\u00e7ants transfrontaliers, etc.) ;<\/li>\n<li>effets sur la coh\u00e9sion sociale lorsque les m\u00e9canismes de renseignement local alimentent les rivalit\u00e9s entre familles, groupes ou villages.<\/li>\n<\/ul>\n<p>La mani\u00e8re dont les forces de s\u00e9curit\u00e9 interagissent avec les populations est donc un facteur d\u00e9cisif. Des bavures, exactions ou arrestations arbitraires, m\u00eame isol\u00e9es, peuvent \u00eatre exploit\u00e9es par les groupes jihadistes pour nourrir leurs discours de recrutement, comme observ\u00e9 dans d\u2019autres contextes sah\u00e9liens.<\/p>\n<h3>Impact sur les \u00e9conomies locales et les mobilit\u00e9s<\/h3>\n<p>Le contr\u00f4le accru des axes routiers, des march\u00e9s et des fronti\u00e8res a un impact direct sur les \u00e9conomies locales. Dans la r\u00e9gion des Savanes, une part importante des revenus d\u00e9pend :<\/p>\n<ul>\n<li>du commerce transfrontalier formel et informel (produits agricoles, b\u00e9tail, carburant, biens de consommation) ;<\/li>\n<li>de la mobilit\u00e9 saisonni\u00e8re de travailleurs, notamment vers le Burkina ou d\u2019autres r\u00e9gions du Togo ;<\/li>\n<li>de la circulation de motos-taxis et de petits transports de marchandises.<\/li>\n<\/ul>\n<p>Les restrictions de circulation, les fermetures ponctuelles de march\u00e9s, les contr\u00f4les fr\u00e9quents et les limitations de certains produits (carburant, engrais, etc.) peuvent fragiliser des m\u00e9nages d\u00e9j\u00e0 vuln\u00e9rables. \u00c0 moyen terme, cette pression \u00e9conomique peut alimenter des frustrations, voire rendre certains individus plus r\u00e9ceptifs aux offres mat\u00e9rielles ou symboliques des groupes arm\u00e9s.<\/p>\n<h2>Entre s\u00e9curisation et pr\u00e9vention : une strat\u00e9gie encore en construction<\/h2>\n<h3>Initiatives de d\u00e9veloppement et \u00ab approche int\u00e9gr\u00e9e \u00bb<\/h3>\n<p>Consciente des limites d\u2019une r\u00e9ponse uniquement militaire, Lom\u00e9 a \u00e9galement mis en avant des programmes de d\u00e9veloppement cibl\u00e9s dans le nord. Ces initiatives, souvent soutenues par des partenaires internationaux, visent \u00e0 am\u00e9liorer :<\/p>\n<ul>\n<li>les services de base (\u00e9ducation, sant\u00e9, eau) ;<\/li>\n<li>les infrastructures (routes rurales, \u00e9lectrification, am\u00e9nagements hydrauliques) ;<\/li>\n<li>les opportunit\u00e9s \u00e9conomiques pour les jeunes (formations, appui \u00e0 l\u2019entrepreneuriat, agriculture, pastoralisme).<\/li>\n<\/ul>\n<p>Cette \u00ab approche int\u00e9gr\u00e9e \u00bb s\u2019inscrit dans un discours largement partag\u00e9 dans la r\u00e9gion : la pr\u00e9vention de l\u2019extr\u00e9misme violent passe par une r\u00e9duction des vuln\u00e9rabilit\u00e9s socio-\u00e9conomiques et une am\u00e9lioration de la gouvernance locale. Toutefois, l\u2019efficacit\u00e9 de ces programmes d\u00e9pend de plusieurs facteurs :<\/p>\n<ul>\n<li>leur capacit\u00e9 \u00e0 atteindre r\u00e9ellement les populations les plus expos\u00e9es, et pas uniquement les centres urbains ;<\/li>\n<li>la transparence dans la s\u00e9lection des b\u00e9n\u00e9ficiaires, afin d\u2019\u00e9viter les perceptions de favoritisme ;<\/li>\n<li>la coordination entre acteurs \u00e9tatiques, collectivit\u00e9s locales et organisations internationales pour \u00e9viter les doublons et les \u00ab trous \u00bb dans la couverture territoriale.<\/li>\n<\/ul>\n<h3>Place des autorit\u00e9s locales et des leaders communautaires<\/h3>\n<p>Les autorit\u00e9s locales, chefs traditionnels et leaders religieux jouent un r\u00f4le central dans la gestion de la militarisation. Ils sont \u00e0 la fois :<\/p>\n<ul>\n<li>interm\u00e9diaires entre l\u2019\u00c9tat et les communaut\u00e9s pour expliquer les mesures s\u00e9curitaires, apaiser les tensions et relayer les pr\u00e9occupations ;<\/li>\n<li>acteurs de pr\u00e9vention, capables de d\u00e9tecter pr\u00e9cocement des signaux de radicalisation ou des tentatives d\u2019implantation de groupes arm\u00e9s ;<\/li>\n<li>potentiels relais de m\u00e9contentement si les politiques s\u00e9curitaires sont per\u00e7ues comme injustes ou excessives.<\/li>\n<\/ul>\n<p>Le degr\u00e9 d\u2019inclusion de ces acteurs dans la d\u00e9finition et la mise en \u0153uvre des mesures s\u00e9curitaires est un indicateur important de la durabilit\u00e9 de la strat\u00e9gie de Lom\u00e9. Une militarisation g\u00e9r\u00e9e de mani\u00e8re centralis\u00e9e, avec peu de marges de man\u0153uvre pour les acteurs locaux, risque de renforcer la distance entre l\u2019\u00c9tat et certaines communaut\u00e9s.<\/p>\n<h2>Points de vigilance pour les ann\u00e9es \u00e0 venir<\/h2>\n<p>La gestion de la militarisation du nord par Lom\u00e9 se joue d\u00e9sormais sur plusieurs fronts simultan\u00e9s :<\/p>\n<ul>\n<li><strong>Front s\u00e9curitaire<\/strong> : maintenir une pression suffisante pour dissuader ou contenir les groupes arm\u00e9s, sans basculer dans une logique de r\u00e9pression indiff\u00e9renci\u00e9e qui fragiliserait la l\u00e9gitimit\u00e9 de l\u2019\u00c9tat.<\/li>\n<li><strong>Front politique<\/strong> : \u00e9viter que la lutte contre le terrorisme ne se confonde, dans la perception locale, avec la gestion des oppositions politiques ou des revendications sociales.<\/li>\n<li><strong>Front socio-\u00e9conomique<\/strong> : amortir les effets n\u00e9gatifs des restrictions s\u00e9curitaires sur les \u00e9conomies locales et proposer des alternatives cr\u00e9dibles, notamment pour les jeunes.<\/li>\n<li><strong>Front r\u00e9gional<\/strong> : adapter en permanence la posture \u00e0 l\u2019\u00e9volution de la situation au Burkina Faso voisin, o\u00f9 les dynamiques de conflit restent tr\u00e8s fluides et peuvent provoquer des d\u00e9placements rapides des menaces vers le Togo.<\/li>\n<\/ul>\n<p>La militarisation du nord togolais appara\u00eet ainsi comme un processus en cours, plus que comme un \u00e9tat fig\u00e9. Sa trajectoire d\u00e9pendra autant des choix s\u00e9curitaires que de la capacit\u00e9 de l\u2019\u00c9tat \u00e0 entretenir un dialogue de confiance avec les populations locales et \u00e0 s\u2019inscrire dans une coop\u00e9ration r\u00e9gionale efficace.<\/p>\n","protected":false},"excerpt":{"rendered":"<p>Depuis 2021, le nord du Togo est progressivement entr\u00e9 dans le champ des pr\u00e9occupations s\u00e9curitaires r\u00e9gionales. Longtemps consid\u00e9r\u00e9 comme un pays \u00ab en marge \u00bb du c\u0153ur sah\u00e9lien, le Togo est d\u00e9sormais confront\u00e9 \u00e0 des incursions de groupes arm\u00e9s li\u00e9s \u00e0 Al-Qa\u00efda et \u00e0 l\u2019\u00c9tat islamique, dans la continuit\u00e9 des dynamiques observ\u00e9es au Burkina Faso [&hellip;]<\/p>\n","protected":false},"author":1,"featured_media":0,"comment_status":"closed","ping_status":"closed","sticky":false,"template":"","format":"standard","meta":{"_acf_changed":false,"_seopress_robots_primary_cat":"","_seopress_titles_title":"Togo face \u00e0 la menace jihadiste : strat\u00e9gie et militarisation du nord","_seopress_titles_desc":"Menace jihadiste aux portes du Togo : comment Lom\u00e9 organise-t-il la r\u00e9ponse s\u00e9curitaire et la militarisation de sa r\u00e9gion nord ?","_seopress_robots_index":"","footnotes":""},"acteur":[110,107,108],"niveau":[114],"risque":[116,117,119],"thematique":[135,136],"zone":[132],"class_list":{"0":"post-22783","1":"post","2":"type-post","3":"status-publish","4":"format-standard","6":"acteur-communautes-et-societe-civile","7":"acteur-etats-et-institutions-publiques","8":"acteur-forces-armees-et-securite","9":"niveau-niveau-analytique","10":"risque-risques-politiques","11":"risque-risques-securitaires","12":"risque-risques-sociaux-et-reputationnels","13":"thematique-conflits-armes-et-terrorisme","14":"thematique-gouvernance-et-transitions-politiques","15":"zone-togo"},"acf":[],"_links":{"self":[{"href":"https:\/\/sahel.watch\/en\/wp-json\/wp\/v2\/posts\/22783","targetHints":{"allow":["GET"]}}],"collection":[{"href":"https:\/\/sahel.watch\/en\/wp-json\/wp\/v2\/posts"}],"about":[{"href":"https:\/\/sahel.watch\/en\/wp-json\/wp\/v2\/types\/post"}],"author":[{"embeddable":true,"href":"https:\/\/sahel.watch\/en\/wp-json\/wp\/v2\/users\/1"}],"replies":[{"embeddable":true,"href":"https:\/\/sahel.watch\/en\/wp-json\/wp\/v2\/comments?post=22783"}],"version-history":[{"count":1,"href":"https:\/\/sahel.watch\/en\/wp-json\/wp\/v2\/posts\/22783\/revisions"}],"predecessor-version":[{"id":23113,"href":"https:\/\/sahel.watch\/en\/wp-json\/wp\/v2\/posts\/22783\/revisions\/23113"}],"wp:attachment":[{"href":"https:\/\/sahel.watch\/en\/wp-json\/wp\/v2\/media?parent=22783"}],"wp:term":[{"taxonomy":"acteur","embeddable":true,"href":"https:\/\/sahel.watch\/en\/wp-json\/wp\/v2\/acteur?post=22783"},{"taxonomy":"niveau","embeddable":true,"href":"https:\/\/sahel.watch\/en\/wp-json\/wp\/v2\/niveau?post=22783"},{"taxonomy":"risque","embeddable":true,"href":"https:\/\/sahel.watch\/en\/wp-json\/wp\/v2\/risque?post=22783"},{"taxonomy":"thematique","embeddable":true,"href":"https:\/\/sahel.watch\/en\/wp-json\/wp\/v2\/thematique?post=22783"},{"taxonomy":"zone","embeddable":true,"href":"https:\/\/sahel.watch\/en\/wp-json\/wp\/v2\/zone?post=22783"}],"curies":[{"name":"wp","href":"https:\/\/api.w.org\/{rel}","templated":true}]}}