{"id":22782,"date":"2026-04-21T14:37:46","date_gmt":"2026-04-21T14:37:46","guid":{"rendered":"https:\/\/sahel.watch\/?p=22782"},"modified":"2026-04-21T14:37:46","modified_gmt":"2026-04-21T14:37:46","slug":"pourquoi-la-region-des-savanes-est-elle-sous-pression-au-togo","status":"publish","type":"post","link":"https:\/\/sahel.watch\/en\/pourquoi-la-region-des-savanes-est-elle-sous-pression-au-togo\/","title":{"rendered":"Pourquoi la r\u00e9gion des Savanes est-elle sous pression au Togo ?"},"content":{"rendered":"<p>La r\u00e9gion des Savanes, au nord du Togo, est devenue en quelques ann\u00e9es l\u2019un des principaux foyers de pr\u00e9occupation s\u00e9curitaire du pays. Longtemps per\u00e7ue comme en marge des grands conflits sah\u00e9liens, elle se retrouve d\u00e9sormais au c\u0153ur d\u2019une zone de pression croissante, \u00e0 la fois militaire, \u00e9conomique, sociale et politique.<\/p>\n<h2>Une r\u00e9gion frontali\u00e8re au contact direct des crises sah\u00e9liennes<\/h2>\n<p>La r\u00e9gion des Savanes est situ\u00e9e \u00e0 l\u2019extr\u00eame nord du Togo, \u00e0 la fronti\u00e8re avec le Burkina Faso et, plus largement, \u00e0 proximit\u00e9 des dynamiques de conflit qui affectent le Sahel central (Burkina Faso, Mali, Niger). Cette position g\u00e9ographique en fait un espace de contact entre :<\/p>\n<ul>\n<li>les zones d\u2019implantation et de repli de groupes arm\u00e9s au Burkina Faso, notamment dans les r\u00e9gions des Cascades et de l\u2019Est ;<\/li>\n<li>les corridors de circulation transfrontali\u00e8re (routes, pistes, r\u00e9seaux commerciaux formels et informels) ;<\/li>\n<li>des espaces ruraux faiblement contr\u00f4l\u00e9s par les \u00c9tats, o\u00f9 les fronti\u00e8res sont peu mat\u00e9rialis\u00e9es et facilement franchissables.<\/li>\n<\/ul>\n<p>Depuis 2019\u20132020, plusieurs groupes jihadistes actifs au Burkina Faso \u2013 affili\u00e9s principalement \u00e0 Al-Qa\u00efda (via le Groupe de soutien \u00e0 l\u2019islam et aux musulmans, JNIM) ou \u00e0 l\u2019\u00c9tat islamique au Grand Sahara (EIGS, d\u00e9sormais int\u00e9gr\u00e9 \u00e0 l\u2019\u00c9tat islamique au Sahel) \u2013 ont cherch\u00e9 \u00e0 \u00e9tendre leur pr\u00e9sence vers le sud, en direction des pays c\u00f4tiers, dont le Togo. La r\u00e9gion des Savanes constitue alors une porte d\u2019entr\u00e9e naturelle, du fait :<\/p>\n<ul>\n<li>de la continuit\u00e9 des communaut\u00e9s de part et d\u2019autre de la fronti\u00e8re (liens familiaux, linguistiques, commerciaux) ;<\/li>\n<li>de la porosit\u00e9 des fronti\u00e8res, difficilement contr\u00f4lables sur de longues distances ;<\/li>\n<li>de la pr\u00e9sence de pistes et chemins ruraux permettant des mouvements discrets de petites unit\u00e9s arm\u00e9es.<\/li>\n<\/ul>\n<h2>Une mont\u00e9e progressive de la menace jihadiste<\/h2>\n<p>La pression s\u00e9curitaire sur la r\u00e9gion des Savanes s\u2019est traduite par une s\u00e9rie d\u2019incidents, d\u2019attaques et de tentatives d\u2019infiltration, document\u00e9s par des organisations sp\u00e9cialis\u00e9es dans le suivi des conflits arm\u00e9s. Parmi les tendances observ\u00e9es :<\/p>\n<ul>\n<li>des incursions arm\u00e9es en provenance du Burkina Faso, visant des positions des forces de s\u00e9curit\u00e9 togolaises ou des villages proches de la fronti\u00e8re ;<\/li>\n<li>des attaques contre des postes avanc\u00e9s, des patrouilles ou des d\u00e9tachements militaires, parfois \u00e0 l\u2019aide d\u2019engins explosifs improvis\u00e9s ;<\/li>\n<li>des violences contre des civils accus\u00e9s de collaborer avec l\u2019\u00c9tat ou de refuser de coop\u00e9rer avec les groupes arm\u00e9s.<\/li>\n<\/ul>\n<p>Les groupes jihadistes ne cherchent pas seulement \u00e0 mener des actions ponctuelles. Ils testent aussi la profondeur de la r\u00e9ponse s\u00e9curitaire togolaise, la capacit\u00e9 de l\u2019\u00c9tat \u00e0 contr\u00f4ler durablement les zones rurales, et la possibilit\u00e9 de :<\/p>\n<ul>\n<li>\u00e9tablir des points d\u2019appui logistiques ( caches d\u2019armes, refuges, relais locaux ) ;<\/li>\n<li>tisser des r\u00e9seaux d\u2019informateurs ou de soutien, y compris au sein d\u2019activit\u00e9s \u00e9conomiques informelles (commerce, transport, contrebande) ;<\/li>\n<li>exploiter les conflits locaux ou les frustrations sociales pour gagner de l\u2019influence.<\/li>\n<\/ul>\n<p>La pression est donc autant militaire que politico-sociale : l\u2019objectif n\u2019est pas n\u00e9cessairement de \u00ab conqu\u00e9rir \u00bb la r\u00e9gion, mais de l\u2019inscrire dans une profondeur strat\u00e9gique reliant le Sahel aux pays c\u00f4tiers.<\/p>\n<h2>Des fragilit\u00e9s locales qui amplifient la vuln\u00e9rabilit\u00e9<\/h2>\n<p>La r\u00e9gion des Savanes est parmi les plus pauvres du Togo, avec des indicateurs de d\u00e9veloppement humain en de\u00e7\u00e0 de la moyenne nationale. Plusieurs facteurs structurels cr\u00e9ent un terrain propice aux tensions :<\/p>\n<h3>Pauvret\u00e9, marginalisation et services publics limit\u00e9s<\/h3>\n<p>Les populations rurales font face \u00e0 :<\/p>\n<ul>\n<li>un acc\u00e8s limit\u00e9 aux services de base (sant\u00e9, \u00e9ducation, eau, infrastructures routi\u00e8res) ;<\/li>\n<li>une forte d\u00e9pendance \u00e0 l\u2019agriculture pluviale et \u00e0 l\u2019\u00e9levage, donc une vuln\u00e9rabilit\u00e9 aux chocs climatiques (s\u00e9cheresses, irr\u00e9gularit\u00e9 des pluies) ;<\/li>\n<li>un sentiment r\u00e9current de marginalisation vis-\u00e0-vis du centre politique et \u00e9conomique du pays, concentr\u00e9 dans le sud.<\/li>\n<\/ul>\n<p>Ces \u00e9l\u00e9ments n\u2019entra\u00eenent pas m\u00e9caniquement la violence, mais ils peuvent nourrir des frustrations et r\u00e9duire la confiance dans l\u2019\u00c9tat, surtout si les autorit\u00e9s sont per\u00e7ues comme distantes, peu pr\u00e9sentes ou partiales dans la gestion des ressources et des conflits locaux.<\/p>\n<h3>Conflits d\u2019usage des terres et pression d\u00e9mographique<\/h3>\n<p>Comme dans d\u2019autres r\u00e9gions sah\u00e9liennes et soudano-sah\u00e9liennes, les tensions entre agriculteurs et \u00e9leveurs constituent un enjeu important. On observe :<\/p>\n<ul>\n<li>une comp\u00e9tition accrue pour l\u2019acc\u00e8s aux terres cultivables et aux p\u00e2turages ;<\/li>\n<li>des litiges autour des couloirs de transhumance, parfois mal balis\u00e9s ou empi\u00e9t\u00e9s par les cultures ;<\/li>\n<li>une mont\u00e9e de la pression d\u00e9mographique sur les ressources naturelles, aggrav\u00e9e par la variabilit\u00e9 climatique.<\/li>\n<\/ul>\n<p>Les groupes arm\u00e9s jihadistes exploitent fr\u00e9quemment ces tensions dans d\u2019autres pays : en se pr\u00e9sentant comme arbitres, protecteurs ou d\u00e9fenseurs d\u2019un groupe contre un autre, ils peuvent gagner des soutiens ou au moins une forme de tol\u00e9rance. La r\u00e9gion des Savanes est expos\u00e9e \u00e0 ce type de strat\u00e9gie, m\u00eame si les configurations locales varient selon les pr\u00e9fectures et les communaut\u00e9s.<\/p>\n<h3>\u00c9conomie informelle, trafics et r\u00e9seaux transfrontaliers<\/h3>\n<p>La fronti\u00e8re entre le Togo et le Burkina Faso est travers\u00e9e par une intense activit\u00e9 commerciale, l\u00e9gale et ill\u00e9gale. On y trouve :<\/p>\n<ul>\n<li>du commerce transfrontalier de produits agricoles, de b\u00e9tail, de carburant, etc. ;<\/li>\n<li>des circuits de contrebande (cigarettes, carburant, parfois armes ou biens de contrebande plus sensibles) ;<\/li>\n<li>des r\u00e9seaux de transport et de logistique qui connaissent finement les pistes et les points de passage non officiels.<\/li>\n<\/ul>\n<p>Dans d\u2019autres contextes sah\u00e9liens, des groupes arm\u00e9s ont r\u00e9ussi \u00e0 s\u2019ins\u00e9rer dans ces circuits, que ce soit pour taxer des flux, assurer une forme de \u00ab protection \u00bb ou contr\u00f4ler certains segments de trafic. La r\u00e9gion des Savanes est donc sous pression non seulement s\u00e9curitaire, mais aussi \u00e9conomique, car la pr\u00e9sence ou la menace de groupes arm\u00e9s peut reconfigurer les circuits commerciaux et les rapports de force locaux.<\/p>\n<h2>Une r\u00e9ponse s\u00e9curitaire renforc\u00e9e, aux effets ambivalents<\/h2>\n<p>Face \u00e0 cette mont\u00e9e des menaces, l\u2019\u00c9tat togolais a consid\u00e9rablement renforc\u00e9 son dispositif s\u00e9curitaire dans le nord du pays. Ce renforcement comprend notamment :<\/p>\n<ul>\n<li>le d\u00e9ploiement accru des forces arm\u00e9es et de s\u00e9curit\u00e9 dans la r\u00e9gion des Savanes, avec des unit\u00e9s sp\u00e9cialis\u00e9es dans la lutte contre le terrorisme ;<\/li>\n<li>la cr\u00e9ation ou la consolidation de zones d\u2019op\u00e9rations militaires, avec des patrouilles, des postes avanc\u00e9s et des op\u00e9rations de ratissage ;<\/li>\n<li>la coop\u00e9ration avec d\u2019autres \u00c9tats de la r\u00e9gion, dans le cadre d\u2019initiatives r\u00e9gionales de lutte contre l\u2019extr\u00e9misme violent au Sahel et dans le Golfe de Guin\u00e9e.<\/li>\n<\/ul>\n<p>Sur le plan s\u00e9curitaire, ces mesures visent \u00e0 :<\/p>\n<ul>\n<li>emp\u00eacher l\u2019installation durable de groupes arm\u00e9s sur le territoire togolais ;<\/li>\n<li>rendre plus co\u00fbteuses et plus risqu\u00e9es les incursions depuis le Burkina Faso ;<\/li>\n<li>r\u00e9affirmer la pr\u00e9sence de l\u2019\u00c9tat dans les zones rurales et frontali\u00e8res.<\/li>\n<\/ul>\n<p>Cependant, comme dans d\u2019autres contextes similaires, cette militarisation accrue comporte des effets ambivalents :<\/p>\n<ul>\n<li>les populations peuvent se sentir prises en \u00e9tau entre les groupes arm\u00e9s et les forces de s\u00e9curit\u00e9, surtout en cas de soup\u00e7ons de collaboration ou de mesures de contr\u00f4le strictes ;<\/li>\n<li>des abus, exactions ou erreurs d\u2019appr\u00e9ciation (arrestations arbitraires, stigmatisation de certaines communaut\u00e9s, usage excessif de la force) peuvent fragiliser la confiance entre populations et autorit\u00e9s ;<\/li>\n<li>la circulation des personnes et des biens peut \u00eatre entrav\u00e9e par les contr\u00f4les, avec des impacts \u00e9conomiques pour les commer\u00e7ants, agriculteurs et transporteurs locaux.<\/li>\n<\/ul>\n<p>Les autorit\u00e9s togolaises ont parall\u00e8lement mis en avant des programmes de d\u00e9veloppement et de soutien aux communaut\u00e9s, dans une logique de pr\u00e9vention de l\u2019extr\u00e9misme violent. L\u2019enjeu est de ne pas r\u00e9duire la r\u00e9ponse \u00e0 une dimension strictement militaire, mais de combiner :<\/p>\n<ul>\n<li>s\u00e9curit\u00e9 physique des populations ;<\/li>\n<li>am\u00e9lioration des services publics et des infrastructures ;<\/li>\n<li>dialogue avec les leaders locaux (traditionnels, religieux, associatifs) ;<\/li>\n<li>prise en compte des conflits locaux (foncier, pastoralisme, acc\u00e8s aux ressources).<\/li>\n<\/ul>\n<h2>Enjeux politiques et gouvernance locale<\/h2>\n<p>La pression sur la r\u00e9gion des Savanes est aussi politique. Plusieurs enjeux se superposent :<\/p>\n<ul>\n<li>la n\u00e9cessit\u00e9 pour l\u2019\u00c9tat de montrer sa capacit\u00e9 \u00e0 prot\u00e9ger l\u2019int\u00e9grit\u00e9 territoriale et les citoyens ;<\/li>\n<li>la gestion de la communication autour des incidents s\u00e9curitaires, entre transparence, contr\u00f4le de l\u2019information et risques de rumeurs ;<\/li>\n<li>la place des \u00e9lus locaux, des chefs traditionnels et des comit\u00e9s villageois dans la pr\u00e9vention des tensions et la remont\u00e9e d\u2019informations.<\/li>\n<\/ul>\n<p>Dans les contextes de conflit, la gouvernance locale devient un facteur cl\u00e9. L\u00e0 o\u00f9 les autorit\u00e9s locales sont per\u00e7ues comme l\u00e9gitimes, accessibles et relativement \u00e9quitables, les groupes arm\u00e9s ont plus de difficult\u00e9s \u00e0 s\u2019implanter durablement. \u00c0 l\u2019inverse, l\u00e0 o\u00f9 les institutions sont vues comme corrompues, discriminatoires ou absentes, les discours de rupture port\u00e9s par des acteurs arm\u00e9s trouvent davantage d\u2019\u00e9cho.<\/p>\n<p>La r\u00e9gion des Savanes concentre ainsi plusieurs lignes de tension :<\/p>\n<ul>\n<li>entre centralisation du pouvoir et attentes de participation locale ;<\/li>\n<li>entre imp\u00e9ratif s\u00e9curitaire et respect des droits ;<\/li>\n<li>entre urgence de la r\u00e9ponse militaire et temporalit\u00e9 plus longue des politiques de d\u00e9veloppement.<\/li>\n<\/ul>\n<h2>Une pression r\u00e9gionale qui d\u00e9passe les fronti\u00e8res togolaises<\/h2>\n<p>La situation dans les Savanes ne peut pas \u00eatre isol\u00e9e des dynamiques r\u00e9gionales. Les \u00e9volutions politiques et s\u00e9curitaires au Burkina Faso, au Niger et plus largement au Sahel influencent directement le niveau de risque au nord du Togo. Parmi les facteurs r\u00e9gionaux d\u00e9terminants :<\/p>\n<ul>\n<li>la trajectoire des op\u00e9rations militaires au Burkina Faso contre les groupes jihadistes, qui peut entra\u00eener des d\u00e9placements de combattants vers les pays voisins ;<\/li>\n<li>la r\u00e9organisation des alliances jihadistes, leurs rivalit\u00e9s internes et leurs strat\u00e9gies d\u2019expansion vers le sud ;<\/li>\n<li>les repositionnements des partenaires internationaux (retrait, red\u00e9ploiement ou transformation des missions de s\u00e9curit\u00e9 au Sahel).<\/li>\n<\/ul>\n<p>Dans ce contexte, la r\u00e9gion des Savanes est sous pression pour des raisons qui d\u00e9passent largement les seules dynamiques internes togolaises. Elle se trouve \u00e0 l\u2019interface entre :<\/p>\n<ul>\n<li>un espace sah\u00e9lien marqu\u00e9 par des conflits arm\u00e9s persistants, l\u2019affaiblissement de certains \u00c9tats et la prolif\u00e9ration de groupes arm\u00e9s non \u00e9tatiques ;<\/li>\n<li>un espace c\u00f4tier (Togo, B\u00e9nin, Ghana, C\u00f4te d\u2019Ivoire) soucieux de contenir la progression de ces menaces tout en pr\u00e9servant la stabilit\u00e9 politique et \u00e9conomique.<\/li>\n<\/ul>\n<h2>Pourquoi la r\u00e9gion des Savanes est sous pression : une synth\u00e8se<\/h2>\n<p>La pression sur la r\u00e9gion des Savanes r\u00e9sulte de la combinaison de plusieurs couches de facteurs :<\/p>\n<ul>\n<li><strong>une exposition g\u00e9ographique directe<\/strong> aux dynamiques de conflit au Burkina Faso et, plus largement, au Sahel central ;<\/li>\n<li><strong>une strat\u00e9gie d\u2019expansion des groupes jihadistes<\/strong> vers les pays c\u00f4tiers, pour \u00e9largir leur profondeur strat\u00e9gique et diversifier leurs zones d\u2019influence ;<\/li>\n<li><strong>des fragilit\u00e9s socio-\u00e9conomiques locales<\/strong> (pauvret\u00e9, services publics limit\u00e9s, conflits d\u2019usage des terres, vuln\u00e9rabilit\u00e9 climatique) qui augmentent la sensibilit\u00e9 aux chocs s\u00e9curitaires ;<\/li>\n<li><strong>une \u00e9conomie transfrontali\u00e8re informelle<\/strong> que des acteurs arm\u00e9s peuvent chercher \u00e0 infiltrer ou taxer ;<\/li>\n<li><strong>une r\u00e9ponse s\u00e9curitaire renforc\u00e9e<\/strong>, n\u00e9cessaire pour contenir la menace mais porteuse de risques en termes de relations entre l\u2019\u00c9tat et les populations ;<\/li>\n<li><strong>des enjeux de gouvernance et de l\u00e9gitimit\u00e9 locale<\/strong>, d\u00e9terminants pour la r\u00e9silience des communaut\u00e9s face aux tentatives d\u2019instrumentalisation ;<\/li>\n<li><strong>un environnement r\u00e9gional instable<\/strong>, o\u00f9 les recompositions s\u00e9curitaires au Sahel ont des r\u00e9percussions directes sur les zones frontali\u00e8res togolaises.<\/li>\n<\/ul>\n<p>La r\u00e9gion des Savanes se retrouve ainsi au croisement de dynamiques locales, nationales et r\u00e9gionales. La pression qu\u2019elle subit n\u2019est ni uniquement militaire, ni uniquement sociale : elle r\u00e9sulte de l\u2019imbrication de facteurs s\u00e9curitaires, \u00e9conomiques, politiques et communautaires, dans un contexte o\u00f9 les fronti\u00e8res \u00e9tatiques peinent \u00e0 contenir des menaces en constante adaptation.<\/p>\n","protected":false},"excerpt":{"rendered":"<p>La r\u00e9gion des Savanes, au nord du Togo, est devenue en quelques ann\u00e9es l\u2019un des principaux foyers de pr\u00e9occupation s\u00e9curitaire du pays. Longtemps per\u00e7ue comme en marge des grands conflits sah\u00e9liens, elle se retrouve d\u00e9sormais au c\u0153ur d\u2019une zone de pression croissante, \u00e0 la fois militaire, \u00e9conomique, sociale et politique. Une r\u00e9gion frontali\u00e8re au contact [&hellip;]<\/p>\n","protected":false},"author":1,"featured_media":0,"comment_status":"closed","ping_status":"closed","sticky":false,"template":"","format":"standard","meta":{"_acf_changed":false,"_seopress_robots_primary_cat":"","_seopress_titles_title":"Pourquoi la r\u00e9gion des Savanes est sous pression au Togo","_seopress_titles_desc":"Togo : comprendre les tensions dans la r\u00e9gion des Savanes, entre menace jihadiste, enjeux frontaliers, pauvret\u00e9 et r\u00e9ponses s\u00e9curitaires.","_seopress_robots_index":"","footnotes":""},"acteur":[110,107,108,109],"niveau":[114],"risque":[116,117,119],"thematique":[135,136,139],"zone":[132],"class_list":{"0":"post-22782","1":"post","2":"type-post","3":"status-publish","4":"format-standard","6":"acteur-communautes-et-societe-civile","7":"acteur-etats-et-institutions-publiques","8":"acteur-forces-armees-et-securite","9":"acteur-groupes-armes-non-etatiques","10":"niveau-niveau-analytique","11":"risque-risques-politiques","12":"risque-risques-securitaires","13":"risque-risques-sociaux-et-reputationnels","14":"thematique-conflits-armes-et-terrorisme","15":"thematique-gouvernance-et-transitions-politiques","16":"thematique-societe-jeunesse-et-radicalisation","17":"zone-togo"},"acf":[],"_links":{"self":[{"href":"https:\/\/sahel.watch\/en\/wp-json\/wp\/v2\/posts\/22782","targetHints":{"allow":["GET"]}}],"collection":[{"href":"https:\/\/sahel.watch\/en\/wp-json\/wp\/v2\/posts"}],"about":[{"href":"https:\/\/sahel.watch\/en\/wp-json\/wp\/v2\/types\/post"}],"author":[{"embeddable":true,"href":"https:\/\/sahel.watch\/en\/wp-json\/wp\/v2\/users\/1"}],"replies":[{"embeddable":true,"href":"https:\/\/sahel.watch\/en\/wp-json\/wp\/v2\/comments?post=22782"}],"version-history":[{"count":1,"href":"https:\/\/sahel.watch\/en\/wp-json\/wp\/v2\/posts\/22782\/revisions"}],"predecessor-version":[{"id":28903,"href":"https:\/\/sahel.watch\/en\/wp-json\/wp\/v2\/posts\/22782\/revisions\/28903"}],"wp:attachment":[{"href":"https:\/\/sahel.watch\/en\/wp-json\/wp\/v2\/media?parent=22782"}],"wp:term":[{"taxonomy":"acteur","embeddable":true,"href":"https:\/\/sahel.watch\/en\/wp-json\/wp\/v2\/acteur?post=22782"},{"taxonomy":"niveau","embeddable":true,"href":"https:\/\/sahel.watch\/en\/wp-json\/wp\/v2\/niveau?post=22782"},{"taxonomy":"risque","embeddable":true,"href":"https:\/\/sahel.watch\/en\/wp-json\/wp\/v2\/risque?post=22782"},{"taxonomy":"thematique","embeddable":true,"href":"https:\/\/sahel.watch\/en\/wp-json\/wp\/v2\/thematique?post=22782"},{"taxonomy":"zone","embeddable":true,"href":"https:\/\/sahel.watch\/en\/wp-json\/wp\/v2\/zone?post=22782"}],"curies":[{"name":"wp","href":"https:\/\/api.w.org\/{rel}","templated":true}]}}