{"id":22760,"date":"2026-02-10T14:26:31","date_gmt":"2026-02-10T14:26:31","guid":{"rendered":"https:\/\/sahel.watch\/?p=22760"},"modified":"2026-03-22T18:05:35","modified_gmt":"2026-03-22T18:05:35","slug":"les-forces-speciales-etrangeres-sont-elles-decisives","status":"publish","type":"post","link":"https:\/\/sahel.watch\/en\/les-forces-speciales-etrangeres-sont-elles-decisives\/","title":{"rendered":"Les forces sp\u00e9ciales \u00e9trang\u00e8res sont-elles d\u00e9cisives ?"},"content":{"rendered":"<p><h2>Pourquoi les forces sp\u00e9ciales \u00e9trang\u00e8res occupent autant l\u2019espace m\u00e9diatique<\/h2>\n<\/p>\n<p>En Afrique de l\u2019Ouest et au Sahel, les forces sp\u00e9ciales \u00e9trang\u00e8res \u2013 fran\u00e7aises, am\u00e9ricaines, europ\u00e9ennes, russes via des compagnies militaires priv\u00e9es, ou encore quelques unit\u00e9s d\u2019autres puissances \u2013 sont souvent pr\u00e9sent\u00e9es comme des acteurs d\u00e9terminants face aux groupes jihadistes et aux r\u00e9bellions arm\u00e9es. Leur image est associ\u00e9e \u00e0 la haute technologie, \u00e0 la pr\u00e9cision des frappes et \u00e0 la \u00ab neutralisation \u00bb de chefs de groupes arm\u00e9s.<\/p>\n<p>Cette visibilit\u00e9 contraste avec une r\u00e9alit\u00e9 plus complexe. Les forces sp\u00e9ciales peuvent produire des effets tactiques significatifs, parfois spectaculaires, mais leur impact strat\u00e9gique \u2013 c\u2019est-\u00e0-dire durable sur la trajectoire des conflits \u2013 est beaucoup plus discut\u00e9. Les exp\u00e9riences r\u00e9centes au Mali, au Burkina Faso, au Niger ou encore dans le nord du Nigeria illustrent ces ambigu\u00eft\u00e9s.<\/p>\n<p><h2>Que sont les forces sp\u00e9ciales dans le contexte sah\u00e9lien ?<\/h2>\n<\/p>\n<p>Les forces sp\u00e9ciales sont des unit\u00e9s militaires hautement entra\u00een\u00e9es, sp\u00e9cialis\u00e9es dans des op\u00e9rations discr\u00e8tes et cibl\u00e9es : capture ou \u00e9limination de chefs de groupes arm\u00e9s, lib\u00e9ration d\u2019otages, renseignement sp\u00e9cial, appui aux forces locales, guidage de frappes a\u00e9riennes, etc. Elles op\u00e8rent souvent en petits d\u00e9tachements, avec un fort soutien en renseignement (drones, interceptions, satellites) et en logistique.<\/p>\n<p>Dans le Sahel et le Golfe de Guin\u00e9e, on retrouve plusieurs configurations :<\/p>\n<ul>\n<li><strong>Forces sp\u00e9ciales occidentales<\/strong> : par exemple, les unit\u00e9s fran\u00e7aises engag\u00e9es dans les op\u00e9rations Serval puis Barkhane, les forces sp\u00e9ciales am\u00e9ricaines au Niger ou au Burkina Faso, ainsi que des d\u00e9tachements europ\u00e9ens dans le cadre de missions de formation ou de partenariats bilat\u00e9raux.<\/li>\n<li><strong>Unit\u00e9s \u00e9trang\u00e8res li\u00e9es \u00e0 des compagnies militaires priv\u00e9es<\/strong> : le cas le plus m\u00e9diatis\u00e9 est celui de Wagner, puis des structures qui lui sont apparent\u00e9es, pr\u00e9sentes notamment au Mali et dans une moindre mesure dans d\u2019autres pays de la r\u00e9gion.<\/li>\n<li><strong>Forces sp\u00e9ciales nationales<\/strong> : plusieurs \u00c9tats ouest-africains ont cr\u00e9\u00e9 ou renforc\u00e9 leurs propres unit\u00e9s d\u2019\u00e9lite, souvent avec un appui ext\u00e9rieur (formation, \u00e9quipements, renseignement).<\/li>\n<\/ul>\n<p>L\u2019enjeu central est de comprendre ce que ces acteurs peuvent r\u00e9ellement changer dans des conflits marqu\u00e9s par la fragmentation des groupes arm\u00e9s, la faiblesse des institutions \u00e9tatiques et des tensions locales profondes.<\/p>\n<p><h2>Des succ\u00e8s tactiques ind\u00e9niables mais limit\u00e9s dans le temps<\/h2>\n<\/p>\n<p>Les \u00e9tudes disponibles (rapports de think tanks sp\u00e9cialis\u00e9s, travaux acad\u00e9miques, analyses d\u2019organisations internationales) convergent sur un point : les forces sp\u00e9ciales \u00e9trang\u00e8res ont permis des <strong>succ\u00e8s tactiques<\/strong> importants, en particulier :<\/p>\n<ul>\n<li>la neutralisation ou la capture de chefs de groupes jihadistes ou de r\u00e9seaux criminels ;<\/li>\n<li>la perturbation ponctuelle de cha\u00eenes de commandement ou de circuits logistiques ;<\/li>\n<li>la lib\u00e9ration d\u2019otages ou la protection de certains sites strat\u00e9giques ;<\/li>\n<li>l\u2019appui d\u00e9cisif \u00e0 des forces nationales lors d\u2019attaques complexes contre des camps militaires ou des villes.<\/li>\n<\/ul>\n<p>Ces op\u00e9rations ont parfois permis de r\u00e9duire temporairement l\u2019intensit\u00e9 des attaques dans une zone donn\u00e9e, ou de s\u00e9curiser un corridor logistique. Elles ont aussi fourni aux \u00c9tats partenaires des <strong>capacit\u00e9s de renseignement<\/strong> difficilement accessibles autrement, notamment via les drones de surveillance, l\u2019interception de communications ou l\u2019imagerie satellite.<\/p>\n<p>Cependant, ces gains restent souvent <strong>circonscrits<\/strong> : une fois la pression rel\u00e2ch\u00e9e, les groupes arm\u00e9s se r\u00e9organisent, se d\u00e9placent vers d\u2019autres zones ou se fondent davantage dans les communaut\u00e9s locales. La structure tr\u00e8s fluide des organisations jihadistes sah\u00e9liennes, leur capacit\u00e9 \u00e0 se fragmenter et \u00e0 se recomposer, limite l\u2019impact durable de la d\u00e9capitation de leurs cadres.<\/p>\n<p><h2>Pourquoi les forces sp\u00e9ciales ne suffisent pas \u00e0 inverser la dynamique des conflits<\/h2>\n<\/p>\n<p>Les conflits au Sahel et dans le nord du Golfe de Guin\u00e9e ne sont pas uniquement militaires. Ils combinent :<\/p>\n<ul>\n<li>des <strong>griefs locaux<\/strong> (acc\u00e8s \u00e0 la terre et \u00e0 l\u2019eau, tensions entre agriculteurs et \u00e9leveurs, rivalit\u00e9s entre groupes communautaires) ;<\/li>\n<li>une <strong>faible pr\u00e9sence ou une pr\u00e9sence per\u00e7ue comme abusive de l\u2019\u00c9tat<\/strong> (corruption, violences des forces de s\u00e9curit\u00e9, marginalisation de certaines r\u00e9gions) ;<\/li>\n<li>des <strong>\u00e9conomies informelles et illicites<\/strong> (trafics, orpaillage, routes commerciales) dont tirent profit des acteurs arm\u00e9s et des segments de l\u2019appareil d\u2019\u00c9tat ;<\/li>\n<li>des <strong>dynamiques r\u00e9gionales<\/strong> (porosit\u00e9 des fronti\u00e8res, circulation des armes, effets de contagion des crises voisines).<\/li>\n<\/ul>\n<p>Dans ce contexte, les forces sp\u00e9ciales peuvent traiter certains <strong>sympt\u00f4mes arm\u00e9s<\/strong> mais pas les causes structurelles. Plusieurs limites reviennent de mani\u00e8re r\u00e9currente dans les analyses :<\/p>\n<ul>\n<li><strong>Capillarit\u00e9 du terrain<\/strong> : les groupes arm\u00e9s op\u00e8rent dans des espaces vastes, souvent difficiles d\u2019acc\u00e8s, avec des r\u00e9seaux locaux d\u2019informateurs. Quelques centaines d\u2019op\u00e9rateurs \u00e9trangers, m\u00eame tr\u00e8s bien \u00e9quip\u00e9s, ne peuvent contr\u00f4ler durablement ces territoires.<\/li>\n<li><strong>Remplacement des chefs tu\u00e9s<\/strong> : la mort de leaders jihadistes peut affaiblir temporairement un groupe, mais les structures clandestines sont con\u00e7ues pour assurer une rel\u00e8ve. Parfois, ces \u00e9liminations favorisent m\u00eame l\u2019\u00e9mergence de figures plus radicales ou moins enclines \u00e0 la n\u00e9gociation.<\/li>\n<li><strong>D\u00e9ficit de l\u00e9gitimit\u00e9 locale<\/strong> : la pr\u00e9sence de forces \u00e9trang\u00e8res, surtout lorsqu\u2019elle est visible ou associ\u00e9e \u00e0 des bavures, peut \u00eatre exploit\u00e9e par la propagande jihadiste qui la pr\u00e9sente comme une \u00ab occupation \u00bb ou une ing\u00e9rence.<\/li>\n<li><strong>Asym\u00e9trie des objectifs<\/strong> : les \u00c9tats d\u00e9ployant des forces sp\u00e9ciales poursuivent aussi leurs propres int\u00e9r\u00eats strat\u00e9giques (lutte antiterroriste globale, influence g\u00e9opolitique, acc\u00e8s \u00e0 des ressources ou \u00e0 des positions r\u00e9gionales), qui ne co\u00efncident pas toujours avec les priorit\u00e9s des populations locales.<\/li>\n<\/ul>\n<p><h2>Effets politiques et symboliques : entre soutien et contestation<\/h2>\n<\/p>\n<p>Au-del\u00e0 du terrain militaire, les forces sp\u00e9ciales \u00e9trang\u00e8res produisent des <strong>effets politiques<\/strong> majeurs dans les pays h\u00f4tes.<\/p>\n<p>Pour certains gouvernements, leur pr\u00e9sence :<\/p>\n<ul>\n<li>renforce la <strong>capacit\u00e9 de survie du r\u00e9gime<\/strong>, en s\u00e9curisant la capitale, certains axes strat\u00e9giques ou des sites \u00e9conomiques cl\u00e9s ;<\/li>\n<li>offre un <strong>levier diplomatique<\/strong> vis-\u00e0-vis d\u2019autres partenaires, en montrant qu\u2019ils sont au c\u0153ur de la lutte internationale contre le terrorisme ;<\/li>\n<li>permet de <strong>valoriser une coop\u00e9ration s\u00e9curitaire<\/strong> aupr\u00e8s de l\u2019opinion nationale, au moins dans un premier temps.<\/li>\n<\/ul>\n<p>Mais cette pr\u00e9sence peut aussi g\u00e9n\u00e9rer des <strong>tensions internes<\/strong> :<\/p>\n<ul>\n<li>une partie de la population, de l\u2019arm\u00e9e ou des \u00e9lites politiques peut percevoir cette coop\u00e9ration comme une <strong>atteinte \u00e0 la souverainet\u00e9<\/strong> ;<\/li>\n<li>les changements de r\u00e9gime (notamment les coups d\u2019\u00c9tat) s\u2019accompagnent parfois d\u2019une <strong>recomposition des alliances<\/strong>, avec la remise en cause de la pr\u00e9sence de certaines forces \u00e9trang\u00e8res et la recherche de nouveaux partenaires ;<\/li>\n<li>la concurrence entre puissances ext\u00e9rieures (occidentales, russes, r\u00e9gionales) se traduit par une <strong>polarisation du d\u00e9bat politique<\/strong> et par des campagnes d\u2019influence visant \u00e0 discr\u00e9diter certains acteurs.<\/li>\n<\/ul>\n<p>Cette dimension politique explique pourquoi des forces sp\u00e9ciales efficaces sur le plan tactique peuvent, \u00e0 terme, devenir un <strong>enjeu de contestation<\/strong> int\u00e9rieure, voire un motif de rupture diplomatique.<\/p>\n<p><h2>Impact sur les communaut\u00e9s locales et perception de la s\u00e9curit\u00e9<\/h2>\n<\/p>\n<p>Pour les populations vivant dans les zones de conflit, la question cl\u00e9 n\u2019est pas seulement la pr\u00e9sence de forces sp\u00e9ciales, mais la <strong>qualit\u00e9 globale de la s\u00e9curit\u00e9<\/strong> et de la gouvernance. Plusieurs \u00e9l\u00e9ments ressortent des enqu\u00eates de terrain et des \u00e9tudes qualitatives :<\/p>\n<ul>\n<li>La perception de la s\u00e9curit\u00e9 d\u00e9pend davantage de la <strong>r\u00e9duction des violences quotidiennes<\/strong> (razzias, rackets, enl\u00e8vements, exactions) que du nombre de chefs jihadistes annonc\u00e9s comme neutralis\u00e9s.<\/li>\n<li>Les bavures, les dommages collat\u00e9raux ou les op\u00e9rations per\u00e7ues comme arbitraires \u2013 qu\u2019elles impliquent des forces \u00e9trang\u00e8res, nationales ou des milices alli\u00e9es \u2013 peuvent <strong>alimenter la d\u00e9fiance<\/strong> et renforcer l\u2019attrait des groupes arm\u00e9s qui se pr\u00e9sentent comme des protecteurs ou des arbitres locaux.<\/li>\n<li>Lorsque les forces sp\u00e9ciales op\u00e8rent dans une <strong>opacit\u00e9 importante<\/strong>, sans communication claire ni redevabilit\u00e9, il devient difficile pour les communaut\u00e9s de distinguer leurs actions de celles d\u2019autres forces arm\u00e9es ou groupes arm\u00e9s, ce qui entretient la confusion et les rumeurs.<\/li>\n<\/ul>\n<p>Dans certains cas, des op\u00e9rations cibl\u00e9es peuvent n\u00e9anmoins contribuer \u00e0 <strong>r\u00e9tablir un minimum de confiance<\/strong>, par exemple lorsqu\u2019elles emp\u00eachent une attaque de grande ampleur ou lib\u00e8rent des captifs. Mais ces effets restent fragiles si l\u2019\u00c9tat n\u2019est pas en mesure d\u2019am\u00e9liorer durablement l\u2019acc\u00e8s aux services de base, \u00e0 la justice et \u00e0 des m\u00e9canismes de r\u00e9solution des conflits locaux.<\/p>\n<p><h2>Forces sp\u00e9ciales et luttes d\u2019influence internationales<\/h2>\n<\/p>\n<p>Les forces sp\u00e9ciales \u00e9trang\u00e8res sont \u00e9galement un <strong>outil de politique \u00e9trang\u00e8re<\/strong>. Leur d\u00e9ploiement, leur retrait ou leur red\u00e9ploiement vers d\u2019autres th\u00e9\u00e2tres signalent des priorit\u00e9s strat\u00e9giques.<\/p>\n<p>Dans la r\u00e9gion sah\u00e9lienne et ouest-africaine, plusieurs tendances se d\u00e9gagent :<\/p>\n<ul>\n<li>Une <strong>reconfiguration des pr\u00e9sences occidentales<\/strong>, avec la fin ou la transformation de certaines op\u00e9rations et une volont\u00e9 de r\u00e9duire l\u2019exposition politique directe tout en conservant des capacit\u00e9s de projection et de renseignement.<\/li>\n<li>L\u2019<strong>affirmation de nouveaux acteurs<\/strong> militaires \u00e9trangers, notamment via des partenariats de s\u00e9curit\u00e9 plus discrets ou via des compagnies militaires priv\u00e9es, qui brouillent la fronti\u00e8re entre coop\u00e9ration \u00e9tatique et prestations commerciales.<\/li>\n<li>Une <strong>diversification des partenariats<\/strong> par les \u00c9tats ouest-africains, cherchant \u00e0 ne pas d\u00e9pendre d\u2019un seul alli\u00e9 et \u00e0 tirer parti des rivalit\u00e9s internationales pour renforcer leurs marges de man\u0153uvre.<\/li>\n<\/ul>\n<p>Dans ce jeu, les forces sp\u00e9ciales deviennent un vecteur cl\u00e9 de pr\u00e9sence, de collecte d\u2019information et d\u2019influence, mais aussi une source potentielle de <strong>frictions diplomatiques<\/strong> lorsque les agendas s\u00e9curitaires divergent.<\/p>\n<p><h2>Les forces sp\u00e9ciales comme \u00e9l\u00e9ment d\u2019un dispositif plus large<\/h2>\n<\/p>\n<p>La question n\u2019est donc pas seulement de savoir si les forces sp\u00e9ciales \u00e9trang\u00e8res sont \u00ab d\u00e9cisives \u00bb, mais <strong>dans quelle configuration<\/strong> elles peuvent contribuer \u00e0 une am\u00e9lioration durable de la s\u00e9curit\u00e9.<\/p>\n<p>Les analyses les plus prudentes mettent en avant plusieurs conditions :<\/p>\n<ul>\n<li>Un <strong>ancrage clair dans une strat\u00e9gie politique globale<\/strong>, d\u00e9finie par le pays h\u00f4te, qui articule s\u00e9curit\u00e9, gouvernance, d\u00e9veloppement, justice et inclusion des communaut\u00e9s locales.<\/li>\n<li>Une <strong>compl\u00e9mentarit\u00e9 avec les forces nationales<\/strong>, incluant la mont\u00e9e en comp\u00e9tence des arm\u00e9es et forces de s\u00e9curit\u00e9 locales, mais aussi des m\u00e9canismes de contr\u00f4le et de redevabilit\u00e9 pour limiter les abus.<\/li>\n<li>Une <strong>coordination avec les initiatives civiles<\/strong> (m\u00e9diation locale, programmes de d\u00e9veloppement, m\u00e9canismes de gestion des conflits fonciers et pastoraux) afin d\u2019\u00e9viter que les op\u00e9rations militaires ne contredisent les efforts de dialogue.<\/li>\n<li>Une <strong>transparence minimale<\/strong> vis-\u00e0-vis des populations et des institutions nationales, pour r\u00e9duire les malentendus, les rumeurs et l\u2019exploitation propagandiste par les groupes arm\u00e9s.<\/li>\n<\/ul>\n<p>Sans ces \u00e9l\u00e9ments, les forces sp\u00e9ciales risquent de rester un outil puissant mais <strong>essentiellement r\u00e9actif<\/strong>, capable de frapper vite et fort, mais sans transformer les dynamiques profondes qui alimentent l\u2019ins\u00e9curit\u00e9.<\/p>\n<p><h2>Les forces sp\u00e9ciales \u00e9trang\u00e8res sont-elles d\u00e9cisives ?<\/h2>\n<\/p>\n<p>\u00c0 l\u2019\u00e9chelle strictement militaire, les forces sp\u00e9ciales \u00e9trang\u00e8res peuvent \u00eatre <strong>d\u00e9cisives dans des moments pr\u00e9cis<\/strong> : emp\u00eacher la chute d\u2019une ville, contrer une offensive majeure, d\u00e9manteler une cellule planifiant des attaques complexes, prot\u00e9ger des infrastructures vitales.<\/p>\n<p>En revanche, \u00e0 l\u2019\u00e9chelle de la <strong>stabilisation durable<\/strong> des \u00c9tats sah\u00e9liens et ouest-africains, elles apparaissent plut\u00f4t comme un <strong>levier parmi d\u2019autres<\/strong>, dont l\u2019efficacit\u00e9 d\u00e9pend largement :<\/p>\n<ul>\n<li>de la coh\u00e9rence des strat\u00e9gies nationales ;<\/li>\n<li>de la capacit\u00e9 des \u00c9tats \u00e0 restaurer une pr\u00e9sence l\u00e9gitime et non pr\u00e9datrice dans les zones rurales et p\u00e9riph\u00e9riques ;<\/li>\n<li>de la prise en compte des griefs locaux et des \u00e9conomies informelles qui structurent les territoires.<\/li>\n<\/ul>\n<p>Les forces sp\u00e9ciales \u00e9trang\u00e8res ne sont donc ni une solution miracle, ni un facteur n\u00e9gligeable. Elles constituent un <strong>instrument puissant mais limit\u00e9<\/strong>, dont l\u2019effet peut \u00eatre positif, neutre ou contre-productif selon la mani\u00e8re dont il est ins\u00e9r\u00e9 dans un dispositif plus large de gestion des conflits et de reconstruction de la confiance entre l\u2019\u00c9tat et les populations.<\/p>\n","protected":false},"excerpt":{"rendered":"<p>Pourquoi les forces sp\u00e9ciales \u00e9trang\u00e8res occupent autant l\u2019espace m\u00e9diatique En Afrique de l\u2019Ouest et au Sahel, les forces sp\u00e9ciales \u00e9trang\u00e8res \u2013 fran\u00e7aises, am\u00e9ricaines, europ\u00e9ennes, russes via des compagnies militaires priv\u00e9es, ou encore quelques unit\u00e9s d\u2019autres puissances \u2013 sont souvent pr\u00e9sent\u00e9es comme des acteurs d\u00e9terminants face aux groupes jihadistes et aux r\u00e9bellions arm\u00e9es. Leur image est [&hellip;]<\/p>\n","protected":false},"author":1,"featured_media":0,"comment_status":"closed","ping_status":"closed","sticky":false,"template":"","format":"standard","meta":{"_acf_changed":false,"_seopress_robots_primary_cat":"","_seopress_titles_title":"Forces sp\u00e9ciales \u00e9trang\u00e8res au Sahel : impact r\u00e9el sur le terrain","_seopress_titles_desc":"Les forces sp\u00e9ciales \u00e9trang\u00e8res changent-elles la donne face au jihadisme au Sahel ? Effets concrets, limites et cons\u00e9quences politiques.","_seopress_robots_index":"","footnotes":""},"acteur":[107,108,109],"niveau":[114],"risque":[116,117],"thematique":[135,137],"zone":[127,129,128,134],"class_list":{"0":"post-22760","1":"post","2":"type-post","3":"status-publish","4":"format-standard","6":"acteur-etats-et-institutions-publiques","7":"acteur-forces-armees-et-securite","8":"acteur-groupes-armes-non-etatiques","9":"niveau-niveau-analytique","10":"risque-risques-politiques","11":"risque-risques-securitaires","12":"thematique-conflits-armes-et-terrorisme","13":"thematique-geopolitique-et-acteurs-internationaux","14":"zone-burkina-faso","15":"zone-mali","16":"zone-niger","17":"zone-nigeria"},"acf":[],"_links":{"self":[{"href":"https:\/\/sahel.watch\/en\/wp-json\/wp\/v2\/posts\/22760","targetHints":{"allow":["GET"]}}],"collection":[{"href":"https:\/\/sahel.watch\/en\/wp-json\/wp\/v2\/posts"}],"about":[{"href":"https:\/\/sahel.watch\/en\/wp-json\/wp\/v2\/types\/post"}],"author":[{"embeddable":true,"href":"https:\/\/sahel.watch\/en\/wp-json\/wp\/v2\/users\/1"}],"replies":[{"embeddable":true,"href":"https:\/\/sahel.watch\/en\/wp-json\/wp\/v2\/comments?post=22760"}],"version-history":[{"count":1,"href":"https:\/\/sahel.watch\/en\/wp-json\/wp\/v2\/posts\/22760\/revisions"}],"predecessor-version":[{"id":24245,"href":"https:\/\/sahel.watch\/en\/wp-json\/wp\/v2\/posts\/22760\/revisions\/24245"}],"wp:attachment":[{"href":"https:\/\/sahel.watch\/en\/wp-json\/wp\/v2\/media?parent=22760"}],"wp:term":[{"taxonomy":"acteur","embeddable":true,"href":"https:\/\/sahel.watch\/en\/wp-json\/wp\/v2\/acteur?post=22760"},{"taxonomy":"niveau","embeddable":true,"href":"https:\/\/sahel.watch\/en\/wp-json\/wp\/v2\/niveau?post=22760"},{"taxonomy":"risque","embeddable":true,"href":"https:\/\/sahel.watch\/en\/wp-json\/wp\/v2\/risque?post=22760"},{"taxonomy":"thematique","embeddable":true,"href":"https:\/\/sahel.watch\/en\/wp-json\/wp\/v2\/thematique?post=22760"},{"taxonomy":"zone","embeddable":true,"href":"https:\/\/sahel.watch\/en\/wp-json\/wp\/v2\/zone?post=22760"}],"curies":[{"name":"wp","href":"https:\/\/api.w.org\/{rel}","templated":true}]}}