{"id":22586,"date":"2025-09-30T13:20:00","date_gmt":"2025-09-30T13:20:00","guid":{"rendered":"https:\/\/sahel.watch\/pourquoi-certaines-provinces-sont-elles-quasi-coupees-du-pays\/"},"modified":"2026-03-22T18:04:03","modified_gmt":"2026-03-22T18:04:03","slug":"pourquoi-certaines-provinces-sont-elles-quasi-coupees-du-pays","status":"publish","type":"post","link":"https:\/\/sahel.watch\/en\/pourquoi-certaines-provinces-sont-elles-quasi-coupees-du-pays\/","title":{"rendered":"Pourquoi certaines provinces sont-elles quasi coup\u00e9es du pays ?"},"content":{"rendered":"<p>Dans plusieurs pays d\u2019Afrique de l\u2019Ouest, certaines provinces ou r\u00e9gions semblent \u00ab d\u00e9connect\u00e9es \u00bb du reste du territoire national. Les habitants parlent de zones \u00ab abandonn\u00e9es \u00bb, \u00ab oubli\u00e9es \u00bb ou \u00ab coup\u00e9es du pays \u00bb. Cette situation n\u2019est ni anecdotique ni uniquement li\u00e9e \u00e0 l\u2019actualit\u00e9 s\u00e9curitaire : elle r\u00e9sulte d\u2019un faisceau de facteurs historiques, politiques, \u00e9conomiques et militaires.<\/p>\n<p>Comprendre ces m\u00e9canismes est essentiel pour analyser la progression des groupes arm\u00e9s, la d\u00e9fiance envers l\u2019\u00c9tat et les risques de fragmentation territoriale.<\/p>\n<h2>Un enclavement g\u00e9ographique et routier souvent structurel<\/h2>\n<p>De nombreuses provinces marginalis\u00e9es sont situ\u00e9es en p\u00e9riph\u00e9rie du territoire national, loin des capitales et des grands centres \u00e9conomiques. Elles cumulent plusieurs handicaps :<\/p>\n<ul>\n<li><strong>\u00c9loignement des capitales<\/strong> : plusieurs heures ou jours de route, souvent sur des axes non bitum\u00e9s, rendent les d\u00e9placements co\u00fbteux et incertains.<\/li>\n<li><strong>Infrastructures routi\u00e8res limit\u00e9es<\/strong> : pistes d\u00e9grad\u00e9es, ponts fragiles, routes impraticables en saison des pluies. Dans certains pays sah\u00e9liens, des localit\u00e9s deviennent presque inaccessibles plusieurs mois par an.<\/li>\n<li><strong>Relief et environnement contraignants<\/strong> : zones d\u00e9sertiques, massifs rocheux, for\u00eats denses ou plaines inondables compliquent l\u2019am\u00e9nagement et l\u2019entretien des routes.<\/li>\n<\/ul>\n<p>Ce d\u00e9ficit d\u2019infrastructures ne rel\u00e8ve pas seulement de contraintes naturelles. Il traduit souvent des choix d\u2019investissement orient\u00e9s vers les corridors \u00e9conomiques (ports, capitales, grandes villes) au d\u00e9triment des espaces ruraux p\u00e9riph\u00e9riques. Les travaux d\u2019organisations comme la Banque mondiale ou la BAD soulignent r\u00e9guli\u00e8rement ce d\u00e9s\u00e9quilibre centre\u2013p\u00e9riph\u00e9rie dans les politiques d\u2019am\u00e9nagement.<\/p>\n<h2>Une pr\u00e9sence \u00e9tatique in\u00e9gale et parfois tr\u00e8s faible<\/h2>\n<p>\u00catre \u00ab coup\u00e9 du pays \u00bb signifie aussi \u00eatre \u00e9loign\u00e9 de l\u2019\u00c9tat, au sens des services et institutions qu\u2019il est cens\u00e9 fournir :<\/p>\n<ul>\n<li><strong>Services publics rares ou absents<\/strong> : peu d\u2019\u00e9coles, de centres de sant\u00e9, d\u2019administration, et forte rotation ou absent\u00e9isme des agents publics, surtout dans les zones recul\u00e9es.<\/li>\n<li><strong>Justice et police distantes<\/strong> : recours \u00e0 des autorit\u00e9s coutumi\u00e8res, religieuses ou \u00e0 des arrangements locaux, faute de tribunaux et de forces de s\u00e9curit\u00e9 accessibles.<\/li>\n<li><strong>Capacit\u00e9 d\u2019intervention limit\u00e9e<\/strong> : m\u00eame en cas de crise (conflits locaux, violences, catastrophes), l\u2019\u00c9tat intervient tardivement, avec peu de moyens, ce qui renforce le sentiment d\u2019abandon.<\/li>\n<\/ul>\n<p>Cette faible pr\u00e9sence \u00e9tatique ne signifie pas absence de pouvoir. Elle ouvre plut\u00f4t la voie \u00e0 des formes alternatives de r\u00e9gulation : chefferies traditionnelles, leaders religieux, notables locaux, mais aussi groupes arm\u00e9s, milices d\u2019autod\u00e9fense ou trafiquants. L\u2019espace institutionnel laiss\u00e9 vacant est alors occup\u00e9 par d\u2019autres acteurs, parfois per\u00e7us comme plus accessibles ou plus efficaces que l\u2019administration officielle.<\/p>\n<h2>Ins\u00e9curit\u00e9, groupes arm\u00e9s et coupure progressive des axes<\/h2>\n<p>Dans plusieurs pays du Sahel et du Golfe de Guin\u00e9e, l\u2019ins\u00e9curit\u00e9 a transform\u00e9 des r\u00e9gions d\u00e9j\u00e0 marginalis\u00e9es en zones quasi enclav\u00e9es.<\/p>\n<p>Les groupes jihadistes et autres groupes arm\u00e9s non \u00e9tatiques utilisent souvent une strat\u00e9gie de contr\u00f4le des axes :<\/p>\n<ul>\n<li><strong>Attaques de convois et embuscades<\/strong> : ciblant forces de s\u00e9curit\u00e9, autorit\u00e9s locales, mais aussi transporteurs et commer\u00e7ants.<\/li>\n<li><strong>Checkpoints informels<\/strong> : taxation ill\u00e9gale, intimidation des voyageurs, filtrage des mouvements.<\/li>\n<li><strong>Sabotage d\u2019infrastructures<\/strong> : ponts d\u00e9truits, routes min\u00e9es ou pi\u00e9g\u00e9es, rendant certains tron\u00e7ons trop dangereux.<\/li>\n<\/ul>\n<p>Cons\u00e9quence directe : les transports publics se rar\u00e9fient, les transporteurs priv\u00e9s augmentent fortement les prix ou cessent de desservir certaines localit\u00e9s. Dans des contextes document\u00e9s par des organisations comme l\u2019International Crisis Group ou l\u2019ACLED, des zones rurales se retrouvent pratiquement coup\u00e9es des capitales r\u00e9gionales, sauf pour quelques convois escort\u00e9s ou des trajets clandestins.<\/p>\n<p>Pour les populations, cela se traduit par :<\/p>\n<ul>\n<li>des difficult\u00e9s d\u2019acc\u00e8s aux march\u00e9s (vente de b\u00e9tail, de produits agricoles, approvisionnement en denr\u00e9es) ;<\/li>\n<li>des ruptures d\u2019approvisionnement (m\u00e9dicaments, carburant, produits de base) ;<\/li>\n<li>une hausse des prix et une pr\u00e9carit\u00e9 accrue.<\/li>\n<\/ul>\n<p>L\u2019isolement devient alors autant \u00e9conomique que s\u00e9curitaire.<\/p>\n<h2>Marginalisation politique et sentiment d\u2019abandon<\/h2>\n<p>Dans plusieurs pays, les provinces les plus enclav\u00e9es sont aussi celles o\u00f9 le sentiment de marginalisation politique est le plus fort. Plusieurs \u00e9l\u00e9ments reviennent fr\u00e9quemment dans les enqu\u00eates de terrain et rapports de think tanks :<\/p>\n<ul>\n<li><strong>Sous-repr\u00e9sentation per\u00e7ue<\/strong> dans les institutions nationales et dans les postes de d\u00e9cision.<\/li>\n<li><strong>In\u00e9galit\u00e9s r\u00e9gionales<\/strong> en mati\u00e8re d\u2019investissements publics, d\u2019infrastructures et d\u2019emplois publics.<\/li>\n<li><strong>M\u00e9moires de conflits ou de r\u00e9pression<\/strong> qui alimentent une d\u00e9fiance durable envers l\u2019\u00c9tat central.<\/li>\n<\/ul>\n<p>Cette dimension politique ne se r\u00e9duit pas \u00e0 des oppositions \u00ab ethniques \u00bb ou \u00ab religieuses \u00bb, m\u00eame si celles-ci peuvent \u00eatre mobilis\u00e9es dans le discours. Elle renvoie \u00e0 des trajectoires historiques sp\u00e9cifiques : int\u00e9gration tardive de certaines r\u00e9gions \u00e0 l\u2019\u00c9tat colonial, r\u00e9bellions pass\u00e9es, accords de paix partiellement appliqu\u00e9s, ou encore concurrence entre \u00e9lites locales et nationales.<\/p>\n<p>Dans ce contexte, l\u2019isolement n\u2019est pas seulement physique. Il est aussi symbolique : de nombreux habitants ont le sentiment que leurs pr\u00e9occupations ne p\u00e8sent pas dans les d\u00e9cisions prises \u00e0 la capitale.<\/p>\n<h2>\u00c9conomie informelle, trafics et recomposition des pouvoirs locaux<\/h2>\n<p>Les zones peu contr\u00f4l\u00e9es par l\u2019\u00c9tat et \u00e9loign\u00e9es des centres urbains jouent souvent un r\u00f4le cl\u00e9 dans les \u00e9conomies informelles et les trafics transfrontaliers :<\/p>\n<ul>\n<li>circulation de carburant, d\u2019or, de b\u00e9tail, de cigarettes, de m\u00e9dicaments, parfois de drogues ou d\u2019armes ;<\/li>\n<li>contournement des contr\u00f4les douaniers et fiscaux ;<\/li>\n<li>pr\u00e9sence d\u2019acteurs clandestins ou semi-clandestins (contrebandiers, r\u00e9seaux de passeurs, collecteurs informels).<\/li>\n<\/ul>\n<p>Ces activit\u00e9s ne sont pas toujours per\u00e7ues localement comme \u00ab criminelles \u00bb, surtout lorsqu\u2019elles fournissent des revenus et des services en l\u2019absence d\u2019alternatives. Elles contribuent cependant \u00e0 renforcer des circuits \u00e9conomiques et sociaux qui fonctionnent en grande partie en dehors de l\u2019\u00c9tat.<\/p>\n<p>Dans certaines zones, les groupes arm\u00e9s tirent profit de ces flux (taxation, protection, participation directe), ce qui renforce leur capacit\u00e9 d\u2019influence et leur pouvoir de n\u00e9gociation. L\u2019isolement de la province s\u2019accompagne alors d\u2019une forme d\u2019int\u00e9gration \u00e0 des r\u00e9seaux r\u00e9gionaux de trafics, parfois transnationaux.<\/p>\n<h2>Fronti\u00e8res nationales poreuses, solidarit\u00e9s transfrontali\u00e8res<\/h2>\n<p>Beaucoup de provinces dites \u00ab coup\u00e9es du pays \u00bb sont en r\u00e9alit\u00e9 tourn\u00e9es vers l\u2019ext\u00e9rieur : vers le pays voisin plut\u00f4t que vers la capitale nationale. Les fronti\u00e8res h\u00e9rit\u00e9es de la p\u00e9riode coloniale recoupent souvent des espaces de vie plus anciens :<\/p>\n<ul>\n<li>m\u00eames groupes linguistiques ou lignagers de part et d\u2019autre de la fronti\u00e8re ;<\/li>\n<li>march\u00e9s hebdomadaires transfrontaliers ;<\/li>\n<li>mobilit\u00e9s saisonni\u00e8res des \u00e9leveurs, commer\u00e7ants ou travailleurs migrants.<\/li>\n<\/ul>\n<p>Dans ces contextes, le sentiment d\u2019appartenance est parfois plus fort \u00e0 l\u2019\u00e9chelle locale ou transfrontali\u00e8re qu\u2019\u00e0 l\u2019\u00e9chelle nationale. La province peut sembler \u00ab coup\u00e9e du pays \u00bb, mais elle est en r\u00e9alit\u00e9 ins\u00e9r\u00e9e dans un espace transfrontalier dynamique, avec ses propres r\u00e8gles et circuits d\u2019\u00e9changes.<\/p>\n<p>Pour les \u00c9tats, cette situation pose un d\u00e9fi : comment renforcer la pr\u00e9sence publique sans perturber des \u00e9quilibres locaux souvent anciens, et sans criminaliser syst\u00e9matiquement des pratiques qui assurent la survie \u00e9conomique des populations ?<\/p>\n<h2>Cons\u00e9quences pour la stabilit\u00e9 et la coh\u00e9sion nationale<\/h2>\n<p>L\u2019isolement de certaines provinces a plusieurs effets de long terme sur la stabilit\u00e9 des \u00c9tats :<\/p>\n<ul>\n<li><strong>Vuln\u00e9rabilit\u00e9 accrue \u00e0 l\u2019extr\u00e9misme violent<\/strong> : les groupes arm\u00e9s exploitent les frustrations, l\u2019absence de services et le sentiment d\u2019injustice pour recruter ou obtenir des soutiens passifs.<\/li>\n<li><strong>Fragmentation de l\u2019espace national<\/strong> : certaines r\u00e9gions fonctionnent de plus en plus en \u00ab archipels \u00bb reli\u00e9s par des corridors s\u00e9curis\u00e9s, tandis que d\u2019autres basculent dans des zones de faible contr\u00f4le \u00e9tatique.<\/li>\n<li><strong>Crise de l\u00e9gitimit\u00e9<\/strong> : lorsque l\u2019\u00c9tat ne parvient plus \u00e0 garantir un minimum de s\u00e9curit\u00e9 et de services, sa l\u00e9gitimit\u00e9 est questionn\u00e9e, au profit d\u2019acteurs locaux ou arm\u00e9s.<\/li>\n<\/ul>\n<p>Les r\u00e9ponses publiques se concentrent souvent sur le volet s\u00e9curitaire (d\u00e9ploiement de forces, op\u00e9rations militaires), parfois n\u00e9cessaire pour rouvrir des axes. Mais la litt\u00e9rature sp\u00e9cialis\u00e9e insiste sur le fait que la r\u00e9duction durable de l\u2019isolement exige aussi :<\/p>\n<ul>\n<li>des investissements cibl\u00e9s dans les infrastructures de base ;<\/li>\n<li>une am\u00e9lioration de la gouvernance locale et de l\u2019acc\u00e8s \u00e0 la justice ;<\/li>\n<li>un dialogue avec les acteurs communautaires et \u00e9conomiques locaux ;<\/li>\n<li>une meilleure articulation entre politiques nationales et dynamiques transfrontali\u00e8res.<\/li>\n<\/ul>\n<p>La question des provinces \u00ab quasi coup\u00e9es du pays \u00bb renvoie donc \u00e0 un enjeu central : la capacit\u00e9 des \u00c9tats ouest-africains \u00e0 int\u00e9grer de mani\u00e8re plus \u00e9quilibr\u00e9e leurs p\u00e9riph\u00e9ries, non seulement par la force, mais aussi par les services, la repr\u00e9sentation politique et la reconnaissance des r\u00e9alit\u00e9s locales.<\/p>\n","protected":false},"excerpt":{"rendered":"<p>Dans plusieurs pays d\u2019Afrique de l\u2019Ouest, certaines provinces ou r\u00e9gions semblent \u00ab d\u00e9connect\u00e9es \u00bb du reste du territoire national. Les habitants parlent de zones \u00ab abandonn\u00e9es \u00bb, \u00ab oubli\u00e9es \u00bb ou \u00ab coup\u00e9es du pays \u00bb. Cette situation n\u2019est ni anecdotique ni uniquement li\u00e9e \u00e0 l\u2019actualit\u00e9 s\u00e9curitaire : elle r\u00e9sulte d\u2019un faisceau de facteurs historiques, [&hellip;]<\/p>\n","protected":false},"author":1,"featured_media":0,"comment_status":"closed","ping_status":"closed","sticky":false,"template":"","format":"standard","meta":{"_acf_changed":false,"_seopress_robots_primary_cat":"","_seopress_titles_title":"Provinces isol\u00e9es : pourquoi des r\u00e9gions enti\u00e8res sont coup\u00e9es","_seopress_titles_desc":"Ins\u00e9curit\u00e9, routes coup\u00e9es, absence de l'\u00c9tat : pourquoi certaines provinces d'Afrique de l'Ouest sont quasi inaccessibles et ce que cela implique.","_seopress_robots_index":"","footnotes":""},"acteur":[],"niveau":[113],"risque":[117],"thematique":[136],"zone":[133,127,131,126,125,128,134,130,132],"class_list":{"0":"post-22586","1":"post","2":"type-post","3":"status-publish","4":"format-standard","6":"niveau-niveau-introductif","7":"risque-risques-securitaires","8":"thematique-gouvernance-et-transitions-politiques","9":"zone-benin","10":"zone-burkina-faso","11":"zone-cote-divoire","12":"zone-guinee","13":"zone-mauritanie","14":"zone-niger","15":"zone-nigeria","16":"zone-senegal","17":"zone-togo"},"acf":[],"_links":{"self":[{"href":"https:\/\/sahel.watch\/en\/wp-json\/wp\/v2\/posts\/22586","targetHints":{"allow":["GET"]}}],"collection":[{"href":"https:\/\/sahel.watch\/en\/wp-json\/wp\/v2\/posts"}],"about":[{"href":"https:\/\/sahel.watch\/en\/wp-json\/wp\/v2\/types\/post"}],"author":[{"embeddable":true,"href":"https:\/\/sahel.watch\/en\/wp-json\/wp\/v2\/users\/1"}],"replies":[{"embeddable":true,"href":"https:\/\/sahel.watch\/en\/wp-json\/wp\/v2\/comments?post=22586"}],"version-history":[{"count":1,"href":"https:\/\/sahel.watch\/en\/wp-json\/wp\/v2\/posts\/22586\/revisions"}],"predecessor-version":[{"id":26661,"href":"https:\/\/sahel.watch\/en\/wp-json\/wp\/v2\/posts\/22586\/revisions\/26661"}],"wp:attachment":[{"href":"https:\/\/sahel.watch\/en\/wp-json\/wp\/v2\/media?parent=22586"}],"wp:term":[{"taxonomy":"acteur","embeddable":true,"href":"https:\/\/sahel.watch\/en\/wp-json\/wp\/v2\/acteur?post=22586"},{"taxonomy":"niveau","embeddable":true,"href":"https:\/\/sahel.watch\/en\/wp-json\/wp\/v2\/niveau?post=22586"},{"taxonomy":"risque","embeddable":true,"href":"https:\/\/sahel.watch\/en\/wp-json\/wp\/v2\/risque?post=22586"},{"taxonomy":"thematique","embeddable":true,"href":"https:\/\/sahel.watch\/en\/wp-json\/wp\/v2\/thematique?post=22586"},{"taxonomy":"zone","embeddable":true,"href":"https:\/\/sahel.watch\/en\/wp-json\/wp\/v2\/zone?post=22586"}],"curies":[{"name":"wp","href":"https:\/\/api.w.org\/{rel}","templated":true}]}}