{"id":22585,"date":"2025-10-02T11:27:00","date_gmt":"2025-10-02T11:27:00","guid":{"rendered":"https:\/\/sahel.watch\/comment-dakar-gere-t-il-la-menace-au-fouta-et-au-sud-est\/"},"modified":"2026-03-22T18:04:55","modified_gmt":"2026-03-22T18:04:55","slug":"comment-dakar-gere-t-il-la-menace-au-fouta-et-au-sud-est","status":"publish","type":"post","link":"https:\/\/sahel.watch\/en\/comment-dakar-gere-t-il-la-menace-au-fouta-et-au-sud-est\/","title":{"rendered":"Comment Dakar g\u00e8re-t-il la menace au Fouta et au sud-est ?"},"content":{"rendered":"<p>\nLa question de la menace au nord et au sud-est du S\u00e9n\u00e9gal renvoie \u00e0 deux espaces p\u00e9riph\u00e9riques mais strat\u00e9giques : le Fouta (vall\u00e9e du fleuve S\u00e9n\u00e9gal, zone frontali\u00e8re avec la Mauritanie et le Mali) et le sud-est (r\u00e9gions de K\u00e9dougou et de Tambacounda, \u00e0 la jonction Mali\u2013Guin\u00e9e\u2013S\u00e9n\u00e9gal). Ces zones se situent \u00e0 proximit\u00e9 d\u2019espaces marqu\u00e9s par l\u2019activit\u00e9 de groupes jihadistes au Mali et au Burkina Faso, et par des trafics transfrontaliers bien \u00e9tablis.\n<\/p>\n<p>\nLes autorit\u00e9s s\u00e9n\u00e9galaises ont conscience depuis plusieurs ann\u00e9es que la principale vuln\u00e9rabilit\u00e9 du pays ne r\u00e9side pas dans ses grandes villes, mais dans ses marges frontali\u00e8res. La gestion de cette menace combine renforcement militaire, coop\u00e9ration r\u00e9gionale, surveillance des mobilit\u00e9s et travail de pr\u00e9vention, avec des r\u00e9sultats contrast\u00e9s et des limites importantes li\u00e9es aux r\u00e9alit\u00e9s locales.\n<\/p>\n<h2>Une menace surtout r\u00e9gionale, mais avec des points de friction locaux<\/h2>\n<p>\nAu Fouta, la principale pr\u00e9occupation tient \u00e0 la proximit\u00e9 des zones maliennes o\u00f9 op\u00e8rent des groupes affili\u00e9s \u00e0 Al-Qa\u00efda au Maghreb islamique (AQMI) et au JNIM, ainsi qu\u2019\u00e0 la circulation de trafics (armes, carburant, b\u00e9tail, stup\u00e9fiants l\u00e9gers). Les r\u00e9gions de Matam et de Podor sont moins expos\u00e9es \u00e0 des attaques directes qu\u2019\u00e0 des ph\u00e9nom\u00e8nes de transit : passage de personnes, de ressources et d\u2019id\u00e9es, dans un espace historiquement int\u00e9gr\u00e9 par les \u00e9changes transfrontaliers.\n<\/p>\n<p>\nAu sud-est, la r\u00e9gion de K\u00e9dougou est proche des fronti\u00e8res malienne et guin\u00e9enne, dans un environnement marqu\u00e9 par l\u2019orpaillage artisanal, la pr\u00e9sence d\u2019entreprises mini\u00e8res industrielles et une forte mobilit\u00e9 de jeunes travailleurs. Les recherches r\u00e9centes de think tanks sp\u00e9cialis\u00e9s soulignent que les groupes jihadistes actifs au Mali et au Burkina Faso consid\u00e8rent cette zone comme une profondeur strat\u00e9gique potentielle, mais qu\u2019ils n\u2019y disposent pas, \u00e0 ce stade, d\u2019ancrage social comparable \u00e0 celui qu\u2019ils ont construit dans le Liptako-Gourma.\n<\/p>\n<p>\nDans les deux cas, la menace est moins celle d\u2019une offensive massive qu\u2019un risque d\u2019essaimage progressif : petits noyaux de sympathisants, logistique, recrutement opportuniste dans les milieux pr\u00e9caris\u00e9s, puis \u00e9ventuelle instrumentalisation de tensions locales (foncier, pastoralisme, orpaillage, rapports aux forces de s\u00e9curit\u00e9).\n<\/p>\n<h2>Le renforcement s\u00e9curitaire aux fronti\u00e8res nord et sud-est<\/h2>\n<p>\nLa r\u00e9ponse de Dakar repose d\u2019abord sur un dispositif s\u00e9curitaire renforc\u00e9. L\u2019arm\u00e9e s\u00e9n\u00e9galaise, souvent pr\u00e9sent\u00e9e comme l\u2019une des plus structur\u00e9es de la r\u00e9gion, a d\u00e9velopp\u00e9 une posture de \u00ab d\u00e9fense avanc\u00e9e \u00bb : il s\u2019agit de contenir la menace le plus en amont possible, au-del\u00e0 ou au plus pr\u00e8s des fronti\u00e8res, pour \u00e9viter qu\u2019elle ne se consolide \u00e0 l\u2019int\u00e9rieur du territoire.\n<\/p>\n<p>\nConcr\u00e8tement, cela se traduit par :\n<\/p>\n<ul>\n<li>le d\u00e9ploiement de postes militaires, de brigades de gendarmerie et de compagnies mobiles dans les zones frontali\u00e8res du Fouta et du sud-est ;<\/li>\n<li>des patrouilles mixtes et des op\u00e9rations conjointes ponctuelles avec les forces mauritaniennes, maliennes et guin\u00e9ennes, dans le cadre d\u2019accords bilat\u00e9raux et de m\u00e9canismes r\u00e9gionaux (G5 Sahel, CEDEAO) ;<\/li>\n<li>un investissement dans le renseignement, notamment humain, pour rep\u00e9rer les circulations suspectes, les pr\u00eaches radicaux ou les r\u00e9seaux de soutien logistique.<\/li>\n<\/ul>\n<p>\nLes forces s\u00e9n\u00e9galaises ont \u00e9galement tir\u00e9 parti de leur exp\u00e9rience dans les op\u00e9rations de maintien de la paix et de la coop\u00e9ration antiterroriste avec des partenaires internationaux (France, \u00c9tats-Unis, Union europ\u00e9enne) pour adapter doctrines, formation et \u00e9quipements \u00e0 la menace r\u00e9gionale. Cette coop\u00e9ration reste toutefois calibr\u00e9e pour \u00e9viter une trop grande visibilit\u00e9 \u00e9trang\u00e8re dans les zones frontali\u00e8res sensibles.\n<\/p>\n<h2>Surveillance des mobilit\u00e9s, contr\u00f4le social et pr\u00e9vention de la radicalisation<\/h2>\n<p>\nAu-del\u00e0 de l\u2019outil militaire, Dakar mise sur un contr\u00f4le renforc\u00e9 des mobilit\u00e9s et des espaces de socialisation. Les services de s\u00e9curit\u00e9 surveillent particuli\u00e8rement :\n<\/p>\n<ul>\n<li>les mouvements transfrontaliers de jeunes hommes en \u00e2ge de combattre, notamment ceux qui partent travailler dans les sites d\u2019orpaillage ou comme saisonniers agricoles ;<\/li>\n<li>les pr\u00eaches dans certaines mosqu\u00e9es ou daara (\u00e9coles coraniques), ainsi que les associations religieuses ou caritatives susceptibles de servir de vecteurs d\u2019influence ;<\/li>\n<li>les circuits informels de transfert d\u2019argent, pouvant \u00eatre utilis\u00e9s pour financer des activit\u00e9s clandestines.<\/li>\n<\/ul>\n<p>\nCette surveillance s\u2019accompagne d\u2019initiatives de pr\u00e9vention, souvent discr\u00e8tes, articulant \u00c9tat et acteurs religieux. Des leaders confr\u00e9riques, des imams influents et des associations islamiques sont mobilis\u00e9s pour contrer les discours jihadistes, rappeler l\u2019attachement des populations \u00e0 un islam confr\u00e9rique et \u00e0 la stabilit\u00e9 du pays, et d\u00e9samorcer les tentatives de recrutement.\n<\/p>\n<p>\nDans le Fouta comme dans le sud-est, des programmes de d\u00e9veloppement et d\u2019emploi des jeunes sont \u00e9galement mis en avant, parfois avec l\u2019appui de partenaires internationaux. L\u2019objectif est de r\u00e9duire la vuln\u00e9rabilit\u00e9 socio-\u00e9conomique qui pourrait rendre attractifs les discours de rupture. Les \u00e9valuations disponibles soulignent toutefois un d\u00e9calage fr\u00e9quent entre l\u2019ambition affich\u00e9e et l\u2019impact r\u00e9el sur les conditions de vie locales.\n<\/p>\n<h2>Coop\u00e9rations r\u00e9gionales et contraintes g\u00e9opolitiques<\/h2>\n<p>\nLa gestion de la menace au Fouta et au sud-est ne d\u00e9pend pas uniquement de Dakar. Elle est fortement conditionn\u00e9e par l\u2019\u00e9volution des crises au Mali, au Burkina Faso et en Guin\u00e9e, ainsi que par les reconfigurations r\u00e9gionales r\u00e9centes.\n<\/p>\n<p>\nAu nord, le retrait progressif de certaines forces internationales du Mali, la mont\u00e9e en puissance des autorit\u00e9s militaires maliennes et leurs partenariats s\u00e9curitaires alternatifs modifient les \u00e9quilibres r\u00e9gionaux. Pour le S\u00e9n\u00e9gal, cela implique de composer avec un voisin dont les priorit\u00e9s s\u00e9curitaires et diplomatiques \u00e9voluent, tout en maintenant une coop\u00e9ration minimale pour \u00e9viter les \u00ab vides s\u00e9curitaires \u00bb le long de la fronti\u00e8re.\n<\/p>\n<p>\nAu sud-est, l\u2019instabilit\u00e9 politique en Guin\u00e9e et la fragilit\u00e9 de l\u2019\u00c9tat dans certaines zones mini\u00e8res limitent la capacit\u00e9 de Conakry \u00e0 contr\u00f4ler pleinement son territoire. Cela favorise les trafics et les circuits informels qui traversent la fronti\u00e8re avec K\u00e9dougou. Dakar cherche alors \u00e0 renforcer la coop\u00e9ration bilat\u00e9rale tout en d\u00e9veloppant ses propres capacit\u00e9s de contr\u00f4le sur son versant de la fronti\u00e8re.\n<\/p>\n<p>\nLes cadres r\u00e9gionaux (CEDEAO, Union africaine) offrent des espaces de coordination, mais leurs d\u00e9cisions se heurtent souvent \u00e0 des divergences politiques entre \u00c9tats membres et \u00e0 des moyens limit\u00e9s. La gestion de la menace reste donc largement bilat\u00e9rale et pragmatique, ajust\u00e9e au cas par cas.\n<\/p>\n<h2>Limites et vuln\u00e9rabilit\u00e9s persistantes<\/h2>\n<p>\nMalgr\u00e9 l\u2019absence d\u2019implantation durable de groupes jihadistes dans ces zones, plusieurs vuln\u00e9rabilit\u00e9s demeurent :\n<\/p>\n<ul>\n<li><strong>faible pr\u00e9sence de l\u2019\u00c9tat<\/strong> dans certaines communes rurales, o\u00f9 les services publics (sant\u00e9, \u00e9ducation, justice) sont rares et les forces de s\u00e9curit\u00e9 per\u00e7ues comme lointaines ou peu accessibles ;<\/li>\n<li><strong>tensions fonci\u00e8res et pastorales<\/strong> li\u00e9es \u00e0 la pression d\u00e9mographique, au changement climatique et \u00e0 la comp\u00e9tition pour l\u2019acc\u00e8s \u00e0 l\u2019eau et aux p\u00e2turages, notamment le long du fleuve et dans les zones de transhumance ;<\/li>\n<li><strong>\u00e9conomie informelle et trafics<\/strong> (orpaillage, contrebande, circulation de b\u00e9tail et de carburant) qui structurent la vie locale et rendent d\u00e9licate toute politique de r\u00e9pression frontale, au risque de fragiliser les moyens de subsistance ;<\/li>\n<li><strong>sentiment de marginalisation<\/strong> dans certaines communaut\u00e9s, qui peuvent percevoir les politiques s\u00e9curitaires comme impos\u00e9es depuis Dakar, sans r\u00e9elle prise en compte des priorit\u00e9s locales.<\/li>\n<\/ul>\n<p>\nCes facteurs ne conduisent pas m\u00e9caniquement \u00e0 la radicalisation ou \u00e0 l\u2019implantation de groupes arm\u00e9s, mais ils cr\u00e9ent un terrain o\u00f9 des acteurs externes peuvent, \u00e0 terme, tenter de s\u2019ins\u00e9rer en se pr\u00e9sentant comme protecteurs ou arbitres de conflits locaux. Les travaux acad\u00e9miques sur le Sahel montrent que ce type de dynamique pr\u00e9c\u00e8de souvent l\u2019enracinement de groupes jihadistes dans d\u2019autres contextes.\n<\/p>\n<h2>Une strat\u00e9gie de pr\u00e9vention plus que de r\u00e9action<\/h2>\n<p>\nDans l\u2019ensemble, Dakar g\u00e8re la menace au Fouta et au sud-est par une strat\u00e9gie de pr\u00e9vention renforc\u00e9e, plut\u00f4t que par une r\u00e9ponse \u00e0 une ins\u00e9curit\u00e9 d\u00e9j\u00e0 install\u00e9e. Les autorit\u00e9s cherchent \u00e0 maintenir une \u00ab distance de s\u00e9curit\u00e9 \u00bb entre les foyers de conflit r\u00e9gionaux et le territoire s\u00e9n\u00e9galais, en combinant :\n<\/p>\n<ul>\n<li>une pr\u00e9sence militaire et s\u00e9curitaire accrue dans les zones frontali\u00e8res ;<\/li>\n<li>une coop\u00e9ration r\u00e9gionale pragmatique avec les pays voisins ;<\/li>\n<li>un travail de veille et de pr\u00e9vention de la radicalisation, appuy\u00e9 sur les r\u00e9seaux religieux et communautaires ;<\/li>\n<li>des programmes de d\u00e9veloppement cibl\u00e9s, dont l\u2019efficacit\u00e9 reste in\u00e9gale.<\/li>\n<\/ul>\n<p>\nCette approche a jusqu\u2019ici contribu\u00e9 \u00e0 limiter la diffusion directe de la violence arm\u00e9e au S\u00e9n\u00e9gal, contrairement \u00e0 plusieurs pays voisins. Elle n\u2019\u00e9limine cependant pas les risques \u00e0 moyen terme, en particulier si les crises au Mali, au Burkina Faso et en Guin\u00e9e se prolongent et si les frustrations socio-\u00e9conomiques dans les zones p\u00e9riph\u00e9riques ne trouvent pas de r\u00e9ponses durables.<\/p>\n","protected":false},"excerpt":{"rendered":"<p>La question de la menace au nord et au sud-est du S\u00e9n\u00e9gal renvoie \u00e0 deux espaces p\u00e9riph\u00e9riques mais strat\u00e9giques : le Fouta (vall\u00e9e du fleuve S\u00e9n\u00e9gal, zone frontali\u00e8re avec la Mauritanie et le Mali) et le sud-est (r\u00e9gions de K\u00e9dougou et de Tambacounda, \u00e0 la jonction Mali\u2013Guin\u00e9e\u2013S\u00e9n\u00e9gal). Ces zones se situent \u00e0 proximit\u00e9 d\u2019espaces marqu\u00e9s [&hellip;]<\/p>\n","protected":false},"author":1,"featured_media":0,"comment_status":"closed","ping_status":"closed","sticky":false,"template":"","format":"standard","meta":{"_acf_changed":false,"_seopress_robots_primary_cat":"","_seopress_titles_title":"Menace jihadiste au S\u00e9n\u00e9gal : Fouta et sud-est sous pression","_seopress_titles_desc":"Comment Dakar g\u00e8re-t-il la menace s\u00e9curitaire au Fouta et au sud-est du S\u00e9n\u00e9gal ? Acteurs, risques et limites de la strat\u00e9gie nationale.","_seopress_robots_index":"","footnotes":""},"acteur":[110,107,108],"niveau":[114],"risque":[116,117],"thematique":[135,136],"zone":[130],"class_list":{"0":"post-22585","1":"post","2":"type-post","3":"status-publish","4":"format-standard","6":"acteur-communautes-et-societe-civile","7":"acteur-etats-et-institutions-publiques","8":"acteur-forces-armees-et-securite","9":"niveau-niveau-analytique","10":"risque-risques-politiques","11":"risque-risques-securitaires","12":"thematique-conflits-armes-et-terrorisme","13":"thematique-gouvernance-et-transitions-politiques","14":"zone-senegal"},"acf":[],"_links":{"self":[{"href":"https:\/\/sahel.watch\/en\/wp-json\/wp\/v2\/posts\/22585","targetHints":{"allow":["GET"]}}],"collection":[{"href":"https:\/\/sahel.watch\/en\/wp-json\/wp\/v2\/posts"}],"about":[{"href":"https:\/\/sahel.watch\/en\/wp-json\/wp\/v2\/types\/post"}],"author":[{"embeddable":true,"href":"https:\/\/sahel.watch\/en\/wp-json\/wp\/v2\/users\/1"}],"replies":[{"embeddable":true,"href":"https:\/\/sahel.watch\/en\/wp-json\/wp\/v2\/comments?post=22585"}],"version-history":[{"count":1,"href":"https:\/\/sahel.watch\/en\/wp-json\/wp\/v2\/posts\/22585\/revisions"}],"predecessor-version":[{"id":26673,"href":"https:\/\/sahel.watch\/en\/wp-json\/wp\/v2\/posts\/22585\/revisions\/26673"}],"wp:attachment":[{"href":"https:\/\/sahel.watch\/en\/wp-json\/wp\/v2\/media?parent=22585"}],"wp:term":[{"taxonomy":"acteur","embeddable":true,"href":"https:\/\/sahel.watch\/en\/wp-json\/wp\/v2\/acteur?post=22585"},{"taxonomy":"niveau","embeddable":true,"href":"https:\/\/sahel.watch\/en\/wp-json\/wp\/v2\/niveau?post=22585"},{"taxonomy":"risque","embeddable":true,"href":"https:\/\/sahel.watch\/en\/wp-json\/wp\/v2\/risque?post=22585"},{"taxonomy":"thematique","embeddable":true,"href":"https:\/\/sahel.watch\/en\/wp-json\/wp\/v2\/thematique?post=22585"},{"taxonomy":"zone","embeddable":true,"href":"https:\/\/sahel.watch\/en\/wp-json\/wp\/v2\/zone?post=22585"}],"curies":[{"name":"wp","href":"https:\/\/api.w.org\/{rel}","templated":true}]}}