{"id":22548,"date":"2025-07-14T13:08:00","date_gmt":"2025-07-14T13:08:00","guid":{"rendered":"https:\/\/sahel.watch\/comment-reduire-les-risques-denlevement-de-personnel\/"},"modified":"2026-03-22T18:04:41","modified_gmt":"2026-03-22T18:04:41","slug":"comment-reduire-les-risques-denlevement-de-personnel","status":"publish","type":"post","link":"https:\/\/sahel.watch\/en\/comment-reduire-les-risques-denlevement-de-personnel\/","title":{"rendered":"Comment r\u00e9duire les risques d\u2019enl\u00e8vement de personnel ?"},"content":{"rendered":"<p>Les enl\u00e8vements de personnel \u2013 nationaux comme internationaux \u2013 sont devenus un risque majeur pour les organisations op\u00e9rant en Afrique de l\u2019Ouest, en particulier dans les zones affect\u00e9es par les groupes arm\u00e9s, le crime organis\u00e9 ou une forte ins\u00e9curit\u00e9 routi\u00e8re et urbaine. R\u00e9duire ce risque ne rel\u00e8ve pas d\u2019une recette unique, mais d\u2019un ensemble de choix strat\u00e9giques, de gouvernance et de culture interne.<\/p>\n<p>L\u2019enjeu central consiste \u00e0 limiter l\u2019\u00ab opportunit\u00e9 \u00bb d\u2019enl\u00e8vement en agissant sur plusieurs niveaux : le positionnement g\u00e9ographique des activit\u00e9s, la mani\u00e8re d\u2019op\u00e9rer au quotidien, la relation avec les communaut\u00e9s locales et la pr\u00e9paration de l\u2019organisation en cas de crise. L\u2019objectif n\u2019est jamais le risque z\u00e9ro, mais une r\u00e9duction significative de l\u2019exposition et de la vuln\u00e9rabilit\u00e9.<\/p>\n<h2>Comprendre les dynamiques d\u2019enl\u00e8vement en Afrique de l\u2019Ouest<\/h2>\n<p>Les enl\u00e8vements ne r\u00e9pondent pas \u00e0 une logique unique. Plusieurs types de motivations coexistent et se combinent :<\/p>\n<ul>\n<li><strong>Enl\u00e8vements \u00e0 but lucratif<\/strong> : recherche de ran\u00e7on ou de ressources (groupes criminels, bandes arm\u00e9es, certains groupes d\u2019auto-d\u00e9fense).<\/li>\n<li><strong>Enl\u00e8vements politico-s\u00e9curitaires<\/strong> : pression sur l\u2019\u00c9tat, \u00e9change de prisonniers, d\u00e9monstration de force (groupes jihadistes ou rebelles).<\/li>\n<li><strong>Enl\u00e8vements li\u00e9s \u00e0 des tensions locales<\/strong> : conflits fonciers, tensions autour des ressources naturelles, litiges commerciaux ou communautaires.<\/li>\n<\/ul>\n<p>Les recherches de terrain et les bases de donn\u00e9es sp\u00e9cialis\u00e9es (ACLED, rapports d\u2019International Crisis Group, ISS Africa, Small Arms Survey) montrent plusieurs tendances r\u00e9currentes en Afrique de l\u2019Ouest :<\/p>\n<ul>\n<li><strong>Concentration g\u00e9ographique<\/strong> : zones frontali\u00e8res peu contr\u00f4l\u00e9es, r\u00e9gions rurales \u00e9loign\u00e9es, axes routiers strat\u00e9giques et p\u00e9riph\u00e9ries urbaines.<\/li>\n<li><strong>Ciblage diff\u00e9renci\u00e9<\/strong> : personnel expatri\u00e9 parfois davantage vis\u00e9 pour la valeur de ran\u00e7on et l\u2019impact m\u00e9diatique ; personnel national plus expos\u00e9 en volume, notamment sur les trajets quotidiens et les zones rurales.<\/li>\n<li><strong>Imbrication criminalit\u00e9\u2013politique<\/strong> : des groupes se pr\u00e9sentant comme id\u00e9ologiques peuvent utiliser l\u2019enl\u00e8vement comme source de financement ; des r\u00e9seaux criminels peuvent instrumentaliser des griefs locaux.<\/li>\n<\/ul>\n<p>R\u00e9duire le risque suppose donc de partir d\u2019une analyse fine du contexte : qui enl\u00e8ve, o\u00f9, pourquoi et selon quelles modalit\u00e9s (surveillance pr\u00e9alable, guet-apens routier, intrusion sur site, enl\u00e8vement urbain cibl\u00e9, etc.).<\/p>\n<h2>Agir au niveau strat\u00e9gique : o\u00f9 et comment l\u2019organisation op\u00e8re<\/h2>\n<p>Le premier levier de r\u00e9duction du risque se situe dans les choix structurants de l\u2019organisation, en amont des mesures de protection individuelles.<\/p>\n<h3>Choix des zones d\u2019implantation et des modes d\u2019intervention<\/h3>\n<p>Les \u00e9tudes sur les enl\u00e8vements en contexte de conflit soulignent l\u2019importance de :<\/p>\n<ul>\n<li><strong>Cartographier les zones \u00e0 risque<\/strong> : croiser les donn\u00e9es d\u2019incidents (enl\u00e8vements, attaques de convois, braquages), la pr\u00e9sence de groupes arm\u00e9s, les tensions communautaires et la d\u00e9gradation des services de l\u2019\u00c9tat (police, justice, routes).<\/li>\n<li><strong>Adapter le mod\u00e8le op\u00e9rationnel<\/strong> : privil\u00e9gier, lorsque c\u2019est possible, des dispositifs all\u00e9g\u00e9s en pr\u00e9sence physique dans les zones les plus expos\u00e9es (partenariats locaux, missions plus courtes, hubs r\u00e9gionaux) plut\u00f4t qu\u2019une implantation lourde.<\/li>\n<li><strong>Int\u00e9grer le risque d\u2019enl\u00e8vement dans les d\u00e9cisions de d\u00e9ploiement<\/strong> : ne pas traiter l\u2019enl\u00e8vement comme un risque \u00ab \u00e0 part \u00bb, mais comme un param\u00e8tre cl\u00e9 de la d\u00e9cision d\u2019ouvrir, maintenir, r\u00e9duire ou fermer une base ou un projet.<\/li>\n<\/ul>\n<p>Cette approche suppose une gouvernance du risque claire : qui d\u00e9cide d\u2019accepter ou non un niveau de risque, sur quels crit\u00e8res, et avec quel niveau d\u2019information.<\/p>\n<h3>Gouvernance et culture de gestion des risques<\/h3>\n<p>Les organisations les moins expos\u00e9es ne sont pas forc\u00e9ment celles qui disposent des moyens les plus lourds, mais celles qui :<\/p>\n<ul>\n<li><strong>Int\u00e8grent la s\u00e9curit\u00e9 au niveau de la direction<\/strong> : le risque d\u2019enl\u00e8vement est suivi et discut\u00e9 au m\u00eame titre que les risques financiers, juridiques ou de r\u00e9putation.<\/li>\n<li><strong>D\u00e9veloppent une culture de remont\u00e9e d\u2019information<\/strong> : incidents mineurs, signaux faibles et rumeurs locales sont pris au s\u00e9rieux, analys\u00e9s et partag\u00e9s.<\/li>\n<li><strong>\u00c9vitent la sur-exposition m\u00e9diatique<\/strong> : une visibilit\u00e9 excessive, notamment sur les r\u00e9seaux sociaux ou dans la communication institutionnelle, peut accro\u00eetre la valeur per\u00e7ue d\u2019une organisation comme cible.<\/li>\n<\/ul>\n<h2>Relation avec les communaut\u00e9s locales et acceptabilit\u00e9<\/h2>\n<p>Les travaux sur la \u00ab s\u00e9curit\u00e9 par l\u2019acceptation \u00bb montrent que la mani\u00e8re dont une organisation est per\u00e7ue localement influence fortement son niveau de risque. L\u2019acceptation ne supprime pas la menace, mais elle r\u00e9duit la probabilit\u00e9 d\u2019\u00eatre cibl\u00e9 ou d\u00e9nonc\u00e9 \u00e0 des groupes arm\u00e9s.<\/p>\n<h3>Comprendre les perceptions locales<\/h3>\n<p>Plusieurs dimensions sont d\u00e9terminantes :<\/p>\n<ul>\n<li><strong>Utilit\u00e9 per\u00e7ue de l\u2019organisation<\/strong> : les projets sont-ils jug\u00e9s pertinents et \u00e9quitables par les populations concern\u00e9es ?<\/li>\n<li><strong>Perception de neutralit\u00e9<\/strong> : l\u2019organisation est-elle vue comme proche d\u2019un camp politique, d\u2019une communaut\u00e9 ou d\u2019un acteur de s\u00e9curit\u00e9 particulier ?<\/li>\n<li><strong>Impact socio-\u00e9conomique local<\/strong> : les recrutements, les contrats et les achats locaux sont-ils per\u00e7us comme justes ou capt\u00e9s par quelques acteurs ?<\/li>\n<\/ul>\n<p>Une mauvaise perception peut nourrir des frustrations et, dans certains contextes, favoriser des complicit\u00e9s locales avec des groupes criminels ou arm\u00e9s.<\/p>\n<h3>Investir dans le dialogue et les r\u00e9seaux locaux<\/h3>\n<p>La r\u00e9duction du risque passe par :<\/p>\n<ul>\n<li><strong>Des m\u00e9canismes d\u2019\u00e9coute r\u00e9guliers<\/strong> : dialogues avec leaders communautaires, associations locales, relais religieux, mais aussi avec des groupes souvent moins visibles (jeunes, femmes, petits commer\u00e7ants).<\/li>\n<li><strong>Une transparence relative sur les activit\u00e9s<\/strong> : expliquer ce que l\u2019organisation fait, ce qu\u2019elle ne fait pas, et les limites de ses moyens, pour \u00e9viter les attentes irr\u00e9alistes.<\/li>\n<li><strong>Une attention aux \u00e9quilibres locaux<\/strong> : \u00e9viter que les recrutements ou les partenariats ne renforcent des tensions pr\u00e9existantes entre villages, quartiers ou groupes socio-professionnels.<\/li>\n<\/ul>\n<p>Dans certains contextes, la qualit\u00e9 de ces relations locales a jou\u00e9 un r\u00f4le dans la lib\u00e9ration rapide de personnel enlev\u00e9 ou dans la non-ciblisation de certains acteurs, m\u00eame dans des zones tr\u00e8s instables.<\/p>\n<h2>Organisation interne, profils et politiques RH<\/h2>\n<p>Le risque d\u2019enl\u00e8vement est aussi influenc\u00e9 par les profils des personnes d\u00e9ploy\u00e9es, les pratiques RH et les r\u00e8gles internes.<\/p>\n<h3>Profils, diversit\u00e9 et exposition<\/h3>\n<p>Plusieurs \u00e9l\u00e9ments sont souvent sous-estim\u00e9s :<\/p>\n<ul>\n<li><strong>Profil \u00ab visible \u00bb ou symbolique<\/strong> : certains profils (cadres \u00e9trangers, experts tr\u00e8s m\u00e9diatis\u00e9s, responsables de projet associ\u00e9s \u00e0 des enjeux sensibles) peuvent \u00eatre per\u00e7us comme plus \u00ab rentables \u00bb \u00e0 enlever.<\/li>\n<li><strong>R\u00e9p\u00e9tition des routines<\/strong> : horaires, itin\u00e9raires, lieux de r\u00e9sidence et de loisirs facilement pr\u00e9visibles augmentent la vuln\u00e9rabilit\u00e9, notamment en milieu urbain.<\/li>\n<li><strong>Pression professionnelle<\/strong> : des objectifs op\u00e9rationnels trop exigeants peuvent conduire le personnel \u00e0 prendre des risques inconsid\u00e9r\u00e9s pour \u00ab faire avancer le projet \u00bb.<\/li>\n<\/ul>\n<p>Une d\u00e9marche de r\u00e9duction du risque passe donc par une r\u00e9flexion sur la r\u00e9partition des responsabilit\u00e9s, la rotation des \u00e9quipes, l\u2019accompagnement psychologique et la capacit\u00e9 \u00e0 dire non \u00e0 certaines demandes de d\u00e9placement ou de visite.<\/p>\n<h3>Politiques internes claires et coh\u00e9rentes<\/h3>\n<p>Pour \u00eatre efficaces, les r\u00e8gles internes doivent \u00eatre :<\/p>\n<ul>\n<li><strong>Claires et r\u00e9alistes<\/strong> : des r\u00e8gles trop strictes, impossibles \u00e0 appliquer dans la dur\u00e9e, sont souvent contourn\u00e9es et perdent toute cr\u00e9dibilit\u00e9.<\/li>\n<li><strong>Adapt\u00e9es au contexte<\/strong> : diff\u00e9renciation entre zones tr\u00e8s \u00e0 risque, zones interm\u00e9diaires et zones relativement stables.<\/li>\n<li><strong>\u00c9quilibr\u00e9es entre personnel national et international<\/strong> : \u00e9viter les \u00e9carts excessifs de protection qui peuvent g\u00e9n\u00e9rer un sentiment d\u2019injustice et fragiliser la coh\u00e9sion interne.<\/li>\n<\/ul>\n<p>La formation r\u00e9guli\u00e8re du personnel \u2013 y compris des \u00e9quipes de direction \u2013 \u00e0 la compr\u00e9hension du contexte s\u00e9curitaire, aux risques d\u2019enl\u00e8vement et \u00e0 la gestion du stress contribue \u00e0 r\u00e9duire la vuln\u00e9rabilit\u00e9 globale, sans entrer dans des d\u00e9tails tactiques.<\/p>\n<h2>Information, veille et adaptation continue<\/h2>\n<p>Dans des environnements \u00e9volutifs, la r\u00e9duction du risque d\u2019enl\u00e8vement repose sur la capacit\u00e9 \u00e0 actualiser en permanence la compr\u00e9hension de la menace.<\/p>\n<h3>Veille multi-sources<\/h3>\n<p>Une veille efficace combine :<\/p>\n<ul>\n<li><strong>Sources institutionnelles<\/strong> : rapports de l\u2019ONU, de missions de paix, d\u2019agences sp\u00e9cialis\u00e9es.<\/li>\n<li><strong>Think tanks et centres de recherche<\/strong> : analyses d\u2019ISS Africa, Clingendael, ICG, Small Arms Survey, etc., qui permettent de situer les incidents dans des tendances plus larges.<\/li>\n<li><strong>R\u00e9seaux locaux<\/strong> : retours d\u2019ONG partenaires, d\u2019associations communautaires, de chambres de commerce, de transporteurs, etc.<\/li>\n<\/ul>\n<p>La cl\u00e9 r\u00e9side dans la capacit\u00e9 \u00e0 croiser ces informations, \u00e0 distinguer faits \u00e9tablis, rumeurs et perceptions, et \u00e0 adapter les mesures internes en cons\u00e9quence.<\/p>\n<h3>Sc\u00e9narios et pr\u00e9paration \u00e0 la crise<\/h3>\n<p>R\u00e9duire le risque d\u2019enl\u00e8vement implique aussi d\u2019anticiper la gestion d\u2019un incident \u00e9ventuel. Sans entrer dans des aspects op\u00e9rationnels, plusieurs dimensions strat\u00e9giques sont d\u00e9terminantes :<\/p>\n<ul>\n<li><strong>Clarifier les responsabilit\u00e9s<\/strong> : qui pilote la gestion de crise au si\u00e8ge et sur le terrain, qui d\u00e9cide des grandes orientations.<\/li>\n<li><strong>Pr\u00e9parer les lignes de communication<\/strong> : avec les familles, les autorit\u00e9s, les partenaires, les m\u00e9dias, pour limiter l\u2019improvisation et les messages contradictoires.<\/li>\n<li><strong>R\u00e9fl\u00e9chir aux options de r\u00e9ponse<\/strong> : \u00e0 un niveau strat\u00e9gique, en lien avec les politiques internes et les obligations l\u00e9gales du pays d\u2019origine et du pays h\u00f4te.<\/li>\n<\/ul>\n<p>Cette pr\u00e9paration ne r\u00e9duit pas seulement l\u2019impact d\u2019un \u00e9ventuel enl\u00e8vement ; elle peut aussi avoir un effet pr\u00e9ventif, en am\u00e9liorant la qualit\u00e9 de la veille, la discipline interne et la clart\u00e9 des d\u00e9cisions en amont.<\/p>\n<h2>Sp\u00e9cificit\u00e9s de l\u2019Afrique de l\u2019Ouest et tendances r\u00e9centes<\/h2>\n<p>En Afrique de l\u2019Ouest, plusieurs dynamiques r\u00e9gionales influencent le risque d\u2019enl\u00e8vement de personnel :<\/p>\n<ul>\n<li><strong>Extension des zones d\u2019activit\u00e9 de groupes arm\u00e9s<\/strong> : diffusion des violences du c\u0153ur sah\u00e9lien vers des r\u00e9gions frontali\u00e8res du Golfe de Guin\u00e9e, avec une diversification des modes de financement.<\/li>\n<li><strong>Mont\u00e9e de la criminalit\u00e9 opportuniste<\/strong> : dans certains contextes urbains ou p\u00e9riurbains, des groupes peu structur\u00e9s peuvent recourir \u00e0 l\u2019enl\u00e8vement de courte dur\u00e9e pour obtenir un gain rapide.<\/li>\n<li><strong>Fragilisation de certains \u00c9tats<\/strong> : coups d\u2019\u00c9tat, tensions politiques, r\u00e9duction de la coop\u00e9ration s\u00e9curitaire internationale peuvent cr\u00e9er des \u00ab fen\u00eatres d\u2019opportunit\u00e9 \u00bb pour les groupes arm\u00e9s et criminels.<\/li>\n<\/ul>\n<p>Pour les organisations, cela implique :<\/p>\n<ul>\n<li>de ne pas consid\u00e9rer certaines zones c\u00f4ti\u00e8res ou urbaines comme automatiquement \u00ab s\u00fbres \u00bb ;<\/li>\n<li>d\u2019\u00e9viter de transposer m\u00e9caniquement des mod\u00e8les de s\u00e9curit\u00e9 con\u00e7us pour d\u2019autres r\u00e9gions du monde ;<\/li>\n<li>de suivre de pr\u00e8s les \u00e9volutions politiques et les changements dans les alliances locales entre acteurs arm\u00e9s, autorit\u00e9s et r\u00e9seaux \u00e9conomiques.<\/li>\n<\/ul>\n<p>Les recherches r\u00e9centes insistent sur l\u2019importance de strat\u00e9gies hybrides, combinant r\u00e9duction de l\u2019exposition, renforcement de l\u2019acceptation locale, am\u00e9lioration de la gouvernance interne du risque et coop\u00e9ration avec d\u2019autres acteurs (ONG, entreprises, institutions) pour partager l\u2019information et les bonnes pratiques au niveau strat\u00e9gique.<\/p>\n<p>La r\u00e9duction du risque d\u2019enl\u00e8vement n\u2019est pas un \u00e9tat, mais un processus : elle exige une adaptation constante aux transformations du paysage s\u00e9curitaire, aux dynamiques locales et aux propres \u00e9volutions de l\u2019organisation.<\/p>\n","protected":false},"excerpt":{"rendered":"<p>Les enl\u00e8vements de personnel \u2013 nationaux comme internationaux \u2013 sont devenus un risque majeur pour les organisations op\u00e9rant en Afrique de l\u2019Ouest, en particulier dans les zones affect\u00e9es par les groupes arm\u00e9s, le crime organis\u00e9 ou une forte ins\u00e9curit\u00e9 routi\u00e8re et urbaine. R\u00e9duire ce risque ne rel\u00e8ve pas d\u2019une recette unique, mais d\u2019un ensemble de [&hellip;]<\/p>\n","protected":false},"author":1,"featured_media":0,"comment_status":"closed","ping_status":"closed","sticky":false,"template":"","format":"standard","meta":{"_acf_changed":false,"_seopress_robots_primary_cat":"","_seopress_titles_title":"Enl\u00e8vements de personnel en Afrique : comment r\u00e9duire les risques","_seopress_titles_desc":"Guide des leviers strat\u00e9giques pour pr\u00e9venir les enl\u00e8vements de personnel humanitaire et expatri\u00e9 en Afrique de l'Ouest et au Sahel.","_seopress_robots_index":"","footnotes":""},"acteur":[111,110,107,108],"niveau":[114],"risque":[116,117,119],"thematique":[135,136,139],"zone":[133,127,131,126,129,125,128,134,130,132],"class_list":{"0":"post-22548","1":"post","2":"type-post","3":"status-publish","4":"format-standard","6":"acteur-acteurs-economiques-formels-et-informels","7":"acteur-communautes-et-societe-civile","8":"acteur-etats-et-institutions-publiques","9":"acteur-forces-armees-et-securite","10":"niveau-niveau-analytique","11":"risque-risques-politiques","12":"risque-risques-securitaires","13":"risque-risques-sociaux-et-reputationnels","14":"thematique-conflits-armes-et-terrorisme","15":"thematique-gouvernance-et-transitions-politiques","16":"thematique-societe-jeunesse-et-radicalisation","17":"zone-benin","18":"zone-burkina-faso","19":"zone-cote-divoire","20":"zone-guinee","21":"zone-mali","22":"zone-mauritanie","23":"zone-niger","24":"zone-nigeria","25":"zone-senegal","26":"zone-togo"},"acf":[],"_links":{"self":[{"href":"https:\/\/sahel.watch\/en\/wp-json\/wp\/v2\/posts\/22548","targetHints":{"allow":["GET"]}}],"collection":[{"href":"https:\/\/sahel.watch\/en\/wp-json\/wp\/v2\/posts"}],"about":[{"href":"https:\/\/sahel.watch\/en\/wp-json\/wp\/v2\/types\/post"}],"author":[{"embeddable":true,"href":"https:\/\/sahel.watch\/en\/wp-json\/wp\/v2\/users\/1"}],"replies":[{"embeddable":true,"href":"https:\/\/sahel.watch\/en\/wp-json\/wp\/v2\/comments?post=22548"}],"version-history":[{"count":1,"href":"https:\/\/sahel.watch\/en\/wp-json\/wp\/v2\/posts\/22548\/revisions"}],"predecessor-version":[{"id":26669,"href":"https:\/\/sahel.watch\/en\/wp-json\/wp\/v2\/posts\/22548\/revisions\/26669"}],"wp:attachment":[{"href":"https:\/\/sahel.watch\/en\/wp-json\/wp\/v2\/media?parent=22548"}],"wp:term":[{"taxonomy":"acteur","embeddable":true,"href":"https:\/\/sahel.watch\/en\/wp-json\/wp\/v2\/acteur?post=22548"},{"taxonomy":"niveau","embeddable":true,"href":"https:\/\/sahel.watch\/en\/wp-json\/wp\/v2\/niveau?post=22548"},{"taxonomy":"risque","embeddable":true,"href":"https:\/\/sahel.watch\/en\/wp-json\/wp\/v2\/risque?post=22548"},{"taxonomy":"thematique","embeddable":true,"href":"https:\/\/sahel.watch\/en\/wp-json\/wp\/v2\/thematique?post=22548"},{"taxonomy":"zone","embeddable":true,"href":"https:\/\/sahel.watch\/en\/wp-json\/wp\/v2\/zone?post=22548"}],"curies":[{"name":"wp","href":"https:\/\/api.w.org\/{rel}","templated":true}]}}