{"id":22543,"date":"2025-09-14T10:14:00","date_gmt":"2025-09-14T10:14:00","guid":{"rendered":"https:\/\/sahel.watch\/quel-impact-des-ecoles-fermees-sur-lavenir\/"},"modified":"2026-03-22T18:04:08","modified_gmt":"2026-03-22T18:04:08","slug":"quel-impact-des-ecoles-fermees-sur-lavenir","status":"publish","type":"post","link":"https:\/\/sahel.watch\/en\/quel-impact-des-ecoles-fermees-sur-lavenir\/","title":{"rendered":"Quel impact des \u00e9coles ferm\u00e9es sur l\u2019avenir ?"},"content":{"rendered":"<p>En Afrique de l\u2019Ouest, la fermeture prolong\u00e9e d\u2019\u00e9coles n\u2019est plus un ph\u00e9nom\u00e8ne ponctuel mais une r\u00e9alit\u00e9 structurelle dans plusieurs pays touch\u00e9s par les conflits arm\u00e9s, l\u2019extr\u00e9misme violent ou l\u2019instabilit\u00e9 politique. Cette situation concerne particuli\u00e8rement le Sahel central (Burkina Faso, Mali, Niger) et s\u2019\u00e9tend progressivement vers certains pays c\u00f4tiers expos\u00e9s aux dynamiques de contagion s\u00e9curitaire.<\/p>\n<p>Au-del\u00e0 des chiffres, la question centrale est celle de l\u2019impact de ces \u00e9coles ferm\u00e9es sur l\u2019avenir : celui des enfants, des communaut\u00e9s, des \u00e9conomies nationales et de la stabilit\u00e9 politique \u00e0 moyen et long termes.<\/p>\n<h2>Une crise \u00e9ducative qui devient s\u00e9curitaire et politique<\/h2>\n<p>La fermeture d\u2019\u00e9coles r\u00e9sulte d\u2019une combinaison de facteurs : attaques directes contre les \u00e9tablissements, menaces contre les enseignants, d\u00e9placements forc\u00e9s de population, gr\u00e8ves prolong\u00e9es, crises politiques ou encore d\u00e9gradation des infrastructures. Dans les zones affect\u00e9es par des groupes arm\u00e9s jihadistes ou communautaires, l\u2019\u00e9cole est parfois cibl\u00e9e comme symbole de l\u2019\u00c9tat ou de l\u2019\u00ab \u00e9ducation occidentale \u00bb.<\/p>\n<p>Les organisations internationales soulignent une tendance lourde : la fermeture d\u2019\u00e9coles n\u2019est plus seulement un effet collat\u00e9ral des conflits, elle est parfois un objectif strat\u00e9gique. Priver les enfants d\u2019\u00e9ducation affaiblit la pr\u00e9sence de l\u2019\u00c9tat, alt\u00e8re la confiance envers les institutions et facilite le contr\u00f4le social par les groupes arm\u00e9s ou des acteurs informels.<\/p>\n<p>Cette dynamique transforme une crise \u00e9ducative en enjeu s\u00e9curitaire, politique et social majeur, avec des effets diff\u00e9renci\u00e9s selon le genre, le milieu (rural\/urbain) et la position socio-\u00e9conomique des familles.<\/p>\n<h2>Cons\u00e9quences imm\u00e9diates sur les enfants et les familles<\/h2>\n<h3>Perte d\u2019apprentissage et rupture des trajectoires scolaires<\/h3>\n<p>La premi\u00e8re cons\u00e9quence est la perte d\u2019apprentissage. Plusieurs \u00e9tudes en contexte de crise montrent qu\u2019apr\u00e8s quelques mois seulement de fermeture, les niveaux de lecture, de calcul et de compr\u00e9hension chutent fortement. Lorsque les \u00e9coles restent ferm\u00e9es plusieurs ann\u00e9es, une partie des enfants ne reprend jamais le chemin de l\u2019\u00e9cole, m\u00eame si les \u00e9tablissements rouvrent.<\/p>\n<p>Pour les familles les plus pauvres, la scolarisation interrompue entra\u00eene une r\u00e9orientation rapide des enfants vers des activit\u00e9s \u00e9conomiques informelles, le travail domestique ou des formes d\u2019apprentissage traditionnel (coranique, artisanal, agricole). Ces alternatives peuvent jouer un r\u00f4le de protection sociale minimale, mais elles ne remplacent pas l\u2019acquisition de comp\u00e9tences de base n\u00e9cessaires dans des \u00e9conomies en mutation.<\/p>\n<h3>Risques accrus de travail des enfants, mariages pr\u00e9coces et exploitation<\/h3>\n<p>Lorsque l\u2019\u00e9cole ferme, le temps des enfants est reconfigur\u00e9. Dans de nombreux contextes ruraux, les gar\u00e7ons sont davantage mobilis\u00e9s pour le travail agricole, le commerce informel ou des activit\u00e9s de transport, tandis que les filles sont plus expos\u00e9es au travail domestique intensif, aux mariages pr\u00e9coces et aux grossesses adolescentes.<\/p>\n<p>Les organisations humanitaires signalent \u00e9galement une augmentation des risques d\u2019exploitation et d\u2019abus, notamment dans les zones de d\u00e9placement interne. Les enfants non scolaris\u00e9s deviennent plus visibles dans l\u2019espace public, moins prot\u00e9g\u00e9s par des routines \u00e9ducatives et plus d\u00e9pendants de r\u00e9seaux d\u2019adultes parfois peu r\u00e9gul\u00e9s.<\/p>\n<h3>Sant\u00e9 mentale et sentiment d\u2019avenir bloqu\u00e9<\/h3>\n<p>L\u2019\u00e9cole offre aussi un cadre, des rep\u00e8res et une sociabilit\u00e9. Sa fermeture prolong\u00e9e alt\u00e8re le sentiment de continuit\u00e9 et de projection dans l\u2019avenir. Dans des contextes marqu\u00e9s par la violence, la perte de l\u2019\u00e9cole s\u2019ajoute au traumatisme des attaques, des d\u00e9placements ou des pertes familiales.<\/p>\n<p>Des travaux en psychologie sociale en contexte de conflit montrent que la perception d\u2019un avenir ferm\u00e9 ou incertain peut nourrir frustration, repli, voire attrait pour des r\u00e9cits offrant un sens et une appartenance forte, y compris ceux propos\u00e9s par des groupes extr\u00e9mistes.<\/p>\n<h2>Un terreau de vuln\u00e9rabilit\u00e9s face \u00e0 l\u2019extr\u00e9misme violent<\/h2>\n<h3>De la d\u00e9scolarisation \u00e0 la vuln\u00e9rabilit\u00e9, un chemin indirect<\/h3>\n<p>La fermeture des \u00e9coles ne conduit pas m\u00e9caniquement \u00e0 la radicalisation ou au recrutement arm\u00e9. Cependant, elle cr\u00e9e un environnement o\u00f9 plusieurs facteurs de vuln\u00e9rabilit\u00e9 se combinent : absence de perspectives professionnelles, sentiment de marginalisation, rupture avec les institutions \u00e9tatiques, exposition accrue \u00e0 des discours simplificateurs et \u00e0 des r\u00e9seaux informels.<\/p>\n<p>Dans certaines zones du Sahel, des groupes arm\u00e9s exploitent pr\u00e9cis\u00e9ment ces failles : ils proposent des formes d\u2019\u00ab \u00e9ducation \u00bb religieuse, des r\u00f4les sociaux, une r\u00e9mun\u00e9ration ou une protection, l\u00e0 o\u00f9 l\u2019\u00c9tat appara\u00eet absent ou impuissant. Les jeunes d\u00e9scolaris\u00e9s, surtout les adolescents, deviennent alors une cible privil\u00e9gi\u00e9e, non pas uniquement par id\u00e9ologie, mais par recherche de statut, de s\u00e9curit\u00e9 ou de revenus.<\/p>\n<h3>Affaiblissement de la socialisation civique<\/h3>\n<p>L\u2019\u00e9cole joue un r\u00f4le central dans la socialisation civique : apprentissage de la langue officielle, des r\u00e8gles de base de la vie collective, de l\u2019histoire nationale, mais aussi des comp\u00e9tences de d\u00e9bat, de coop\u00e9ration et de gestion pacifique des conflits. Sa fermeture laisse ce r\u00f4le \u00e0 d\u2019autres acteurs : leaders religieux, chefs coutumiers, radios communautaires, r\u00e9seaux sociaux, ou groupes arm\u00e9s.<\/p>\n<p>Lorsque ces espaces alternatifs sont domin\u00e9s par des discours exclusifs, polarisants ou hostiles \u00e0 l\u2019\u00c9tat, la fermeture des \u00e9coles contribue indirectement \u00e0 l\u2019\u00e9rosion de la coh\u00e9sion nationale et \u00e0 la diffusion de r\u00e9cits de rupture (s\u00e9paratistes, jihadistes, communautaires).<\/p>\n<h2>Impact \u00e0 long terme sur les \u00e9conomies et les soci\u00e9t\u00e9s<\/h2>\n<h3>Une \u00ab g\u00e9n\u00e9ration interrompue \u00bb et ses effets \u00e9conomiques<\/h3>\n<p>Les \u00e9conomistes de l\u2019\u00e9ducation estiment que chaque ann\u00e9e de scolarit\u00e9 perdue se traduit, \u00e0 l\u2019\u00e9chelle d\u2019un pays, par une baisse durable du capital humain et donc du potentiel de croissance. En Afrique de l\u2019Ouest, o\u00f9 la d\u00e9mographie est tr\u00e8s dynamique, une cohorte importante de jeunes sous-scolaris\u00e9s signifie une main-d\u2019\u0153uvre future moins qualifi\u00e9e, concentr\u00e9e dans des secteurs \u00e0 faible productivit\u00e9.<\/p>\n<p>Cette situation renforce le poids de l\u2019\u00e9conomie informelle, limite la capacit\u00e9 d\u2019absorption de technologies nouvelles et r\u00e9duit les marges de man\u0153uvre fiscales des \u00c9tats, d\u00e9j\u00e0 contraintes. L\u2019\u00e9cart se creuse entre les zones relativement stables, qui continuent \u00e0 scolariser, et les territoires en crise, qui accumulent retard et d\u00e9pendance.<\/p>\n<h3>In\u00e9galit\u00e9s territoriales et fractures sociales<\/h3>\n<p>La fermeture des \u00e9coles n\u2019affecte pas toutes les r\u00e9gions de la m\u00eame mani\u00e8re. Les zones rurales, transfrontali\u00e8res ou d\u00e9j\u00e0 marginalis\u00e9es sont souvent les plus touch\u00e9es. Il en r\u00e9sulte une aggravation des in\u00e9galit\u00e9s territoriales : certains territoires voient une g\u00e9n\u00e9ration enti\u00e8re priv\u00e9e d\u2019\u00e9ducation formelle, tandis que les grandes villes ou certaines r\u00e9gions c\u00f4ti\u00e8res maintiennent des trajectoires \u00e9ducatives plus positives.<\/p>\n<p>\u00c0 long terme, ces \u00e9carts alimentent des sentiments d\u2019injustice et de rel\u00e9gation, qui peuvent se traduire par une d\u00e9fiance accrue envers les capitales, les \u00e9lites urbaines et les institutions centrales. Dans des contextes o\u00f9 la l\u00e9gitimit\u00e9 de l\u2019\u00c9tat est d\u00e9j\u00e0 fragile, cette polarisation \u00e9ducative devient un facteur de tension politique suppl\u00e9mentaire.<\/p>\n<h3>Fragilisation de la gouvernance et des institutions<\/h3>\n<p>Les syst\u00e8mes \u00e9ducatifs sont des piliers de l\u2019\u00c9tat moderne : ils structurent des administrations, des budgets, des carri\u00e8res, des r\u00e9seaux de l\u00e9gitimit\u00e9 locale. Lorsque les \u00e9coles ferment massivement, ce sont aussi des segments entiers de la fonction publique qui se d\u00e9sorganisent, en particulier dans les zones rurales.<\/p>\n<p>\u00c0 moyen terme, la p\u00e9nurie d\u2019enseignants form\u00e9s, de cadres administratifs et de professionnels qualifi\u00e9s complique toute strat\u00e9gie de r\u00e9forme, que ce soit dans la s\u00e9curit\u00e9, la sant\u00e9, la justice ou les infrastructures. L\u2019\u00c9tat se trouve pris dans un cercle vicieux : moins de pr\u00e9sence \u00e9ducative, moins de ressources humaines, donc moins de capacit\u00e9 \u00e0 r\u00e9tablir cette pr\u00e9sence.<\/p>\n<h2>Diff\u00e9rences de genre : des impacts particuli\u00e8rement lourds pour les filles<\/h2>\n<p>Les fermetures d\u2019\u00e9coles ont des effets diff\u00e9renci\u00e9s selon le genre. Les filles sont souvent les premi\u00e8res \u00e0 \u00eatre retir\u00e9es de l\u2019\u00e9cole en cas de crise, soit pour des raisons de s\u00e9curit\u00e9, soit en raison de choix \u00e9conomiques et sociaux des familles. Le retour en classe est plus difficile pour elles, en particulier apr\u00e8s un mariage pr\u00e9coce ou une grossesse.<\/p>\n<p>Cette d\u00e9scolarisation renforc\u00e9e des filles se traduit par une aggravation des in\u00e9galit\u00e9s de genre \u00e0 long terme : acc\u00e8s plus limit\u00e9 \u00e0 l\u2019emploi formel, moindre participation aux instances de d\u00e9cision, exposition accrue \u00e0 la pauvret\u00e9 et \u00e0 la d\u00e9pendance \u00e9conomique. Les gains obtenus ces derni\u00e8res d\u00e9cennies en mati\u00e8re d\u2019\u00e9ducation des filles risquent ainsi d\u2019\u00eatre remis en cause dans plusieurs r\u00e9gions.<\/p>\n<h2>R\u00e9ponses possibles et marges de man\u0153uvre<\/h2>\n<p>Les r\u00e9ponses \u00e0 la crise des \u00e9coles ferm\u00e9es se situent \u00e0 plusieurs niveaux. Elles combinent des dimensions s\u00e9curitaires (protection des \u00e9coles, n\u00e9gociations locales, r\u00e9duction de la violence), \u00e9ducatives (\u00e9coles communautaires, enseignement \u00e0 distance, approches flexibles), sociales (soutien aux familles, programmes cibl\u00e9s pour les filles) et politiques (r\u00e9affirmation du caract\u00e8re prioritaire de l\u2019\u00e9ducation, y compris en p\u00e9riode de crise).<\/p>\n<p>Plusieurs exp\u00e9riences en Afrique de l\u2019Ouest montrent que des solutions hybrides peuvent limiter les d\u00e9g\u00e2ts : utilisation d\u2019\u00e9coles temporaires pour les d\u00e9plac\u00e9s internes, programmes de rattrapage acc\u00e9l\u00e9r\u00e9, implication de leaders religieux et coutumiers pour s\u00e9curiser l\u2019espace \u00e9ducatif, ou encore coordination entre acteurs humanitaires, \u00e9ducatifs et s\u00e9curitaires.<\/p>\n<p>Cependant, ces r\u00e9ponses demeurent souvent fragment\u00e9es, sous-financ\u00e9es et d\u00e9pendantes de contextes locaux tr\u00e8s variables. Les d\u00e9bats entre chercheurs et praticiens portent notamment sur l\u2019\u00e9quilibre entre la n\u00e9cessit\u00e9 de maintenir l\u2019\u00e9ducation co\u00fbte que co\u00fbte et le risque d\u2019exposer \u00e9l\u00e8ves et enseignants \u00e0 des violences suppl\u00e9mentaires.<\/p>\n<h2>Quel avenir pour une g\u00e9n\u00e9ration priv\u00e9e d\u2019\u00e9cole ?<\/h2>\n<p>L\u2019impact des \u00e9coles ferm\u00e9es sur l\u2019avenir ne se r\u00e9sume ni \u00e0 une simple perte de comp\u00e9tences scolaires, ni \u00e0 une ligne de statistiques. Il s\u2019agit d\u2019un enjeu de trajectoire collective : type de soci\u00e9t\u00e9, nature du contrat social, capacit\u00e9 des \u00c9tats \u00e0 g\u00e9rer des transitions d\u00e9mographiques, \u00e9conomiques et climatiques d\u00e9j\u00e0 complexes.<\/p>\n<p>Une \u00ab g\u00e9n\u00e9ration interrompue \u00bb n\u2019est pas condamn\u00e9e par principe, mais elle devra composer avec des obstacles suppl\u00e9mentaires : insertion \u00e9conomique plus difficile, acc\u00e8s limit\u00e9 aux espaces de d\u00e9cision, vuln\u00e9rabilit\u00e9 accrue face aux discours polarisants. Les politiques publiques, les initiatives communautaires et les engagements internationaux autour de l\u2019\u00e9ducation en contexte de crise seront d\u00e9terminants pour \u00e9viter que la fermeture des \u00e9coles ne se transforme en fracture durable.<\/p>\n<p>L\u2019avenir se joue ainsi dans la capacit\u00e9 \u00e0 consid\u00e9rer l\u2019\u00e9ducation non seulement comme un secteur parmi d\u2019autres, mais comme un levier central de stabilisation, de pr\u00e9vention des violences et de recomposition des liens entre \u00c9tats et soci\u00e9t\u00e9s en Afrique de l\u2019Ouest.<\/p>\n","protected":false},"excerpt":{"rendered":"<p>En Afrique de l\u2019Ouest, la fermeture prolong\u00e9e d\u2019\u00e9coles n\u2019est plus un ph\u00e9nom\u00e8ne ponctuel mais une r\u00e9alit\u00e9 structurelle dans plusieurs pays touch\u00e9s par les conflits arm\u00e9s, l\u2019extr\u00e9misme violent ou l\u2019instabilit\u00e9 politique. Cette situation concerne particuli\u00e8rement le Sahel central (Burkina Faso, Mali, Niger) et s\u2019\u00e9tend progressivement vers certains pays c\u00f4tiers expos\u00e9s aux dynamiques de contagion s\u00e9curitaire. Au-del\u00e0 [&hellip;]<\/p>\n","protected":false},"author":1,"featured_media":0,"comment_status":"closed","ping_status":"closed","sticky":false,"template":"","format":"standard","meta":{"_acf_changed":false,"_seopress_robots_primary_cat":"","_seopress_titles_title":"\u00c9coles ferm\u00e9es au Sahel : quel impact sur toute une g\u00e9n\u00e9ration ?","_seopress_titles_desc":"Des milliers d'\u00e9coles ferm\u00e9es par l'ins\u00e9curit\u00e9 au Sahel. Cons\u00e9quences sur l'\u00e9ducation, la pauvret\u00e9 et la vuln\u00e9rabilit\u00e9 au recrutement arm\u00e9.","_seopress_robots_index":"","footnotes":""},"acteur":[110,107],"niveau":[114],"risque":[117,119],"thematique":[135,140,139],"zone":[127,129,128],"class_list":{"0":"post-22543","1":"post","2":"type-post","3":"status-publish","4":"format-standard","6":"acteur-communautes-et-societe-civile","7":"acteur-etats-et-institutions-publiques","8":"niveau-niveau-analytique","9":"risque-risques-securitaires","10":"risque-risques-sociaux-et-reputationnels","11":"thematique-conflits-armes-et-terrorisme","12":"thematique-humanitaire-et-developpement","13":"thematique-societe-jeunesse-et-radicalisation","14":"zone-burkina-faso","15":"zone-mali","16":"zone-niger"},"acf":[],"_links":{"self":[{"href":"https:\/\/sahel.watch\/en\/wp-json\/wp\/v2\/posts\/22543","targetHints":{"allow":["GET"]}}],"collection":[{"href":"https:\/\/sahel.watch\/en\/wp-json\/wp\/v2\/posts"}],"about":[{"href":"https:\/\/sahel.watch\/en\/wp-json\/wp\/v2\/types\/post"}],"author":[{"embeddable":true,"href":"https:\/\/sahel.watch\/en\/wp-json\/wp\/v2\/users\/1"}],"replies":[{"embeddable":true,"href":"https:\/\/sahel.watch\/en\/wp-json\/wp\/v2\/comments?post=22543"}],"version-history":[{"count":1,"href":"https:\/\/sahel.watch\/en\/wp-json\/wp\/v2\/posts\/22543\/revisions"}],"predecessor-version":[{"id":26663,"href":"https:\/\/sahel.watch\/en\/wp-json\/wp\/v2\/posts\/22543\/revisions\/26663"}],"wp:attachment":[{"href":"https:\/\/sahel.watch\/en\/wp-json\/wp\/v2\/media?parent=22543"}],"wp:term":[{"taxonomy":"acteur","embeddable":true,"href":"https:\/\/sahel.watch\/en\/wp-json\/wp\/v2\/acteur?post=22543"},{"taxonomy":"niveau","embeddable":true,"href":"https:\/\/sahel.watch\/en\/wp-json\/wp\/v2\/niveau?post=22543"},{"taxonomy":"risque","embeddable":true,"href":"https:\/\/sahel.watch\/en\/wp-json\/wp\/v2\/risque?post=22543"},{"taxonomy":"thematique","embeddable":true,"href":"https:\/\/sahel.watch\/en\/wp-json\/wp\/v2\/thematique?post=22543"},{"taxonomy":"zone","embeddable":true,"href":"https:\/\/sahel.watch\/en\/wp-json\/wp\/v2\/zone?post=22543"}],"curies":[{"name":"wp","href":"https:\/\/api.w.org\/{rel}","templated":true}]}}