{"id":22522,"date":"2025-10-15T11:46:00","date_gmt":"2025-10-15T11:46:00","guid":{"rendered":"https:\/\/sahel.watch\/les-tensions-foncieres-urbaines-gagnent-elles-du-terrain\/"},"modified":"2026-03-22T18:05:08","modified_gmt":"2026-03-22T18:05:08","slug":"les-tensions-foncieres-urbaines-gagnent-elles-du-terrain","status":"publish","type":"post","link":"https:\/\/sahel.watch\/en\/les-tensions-foncieres-urbaines-gagnent-elles-du-terrain\/","title":{"rendered":"Les tensions fonci\u00e8res urbaines gagnent-elles du terrain ?"},"content":{"rendered":"<p><strong>Les tensions fonci\u00e8res urbaines sont souvent per\u00e7ues comme un sujet technique ou administratif. Elles constituent pourtant un enjeu strat\u00e9gique majeur pour la stabilit\u00e9 politique, la coh\u00e9sion sociale et, de plus en plus, la s\u00e9curit\u00e9 en Afrique de l\u2019Ouest.<\/strong><\/p>\n<p>La combinaison d\u2019une urbanisation rapide, d\u2019une gouvernance fonci\u00e8re fragile et de fortes in\u00e9galit\u00e9s alimente des conflits de plus en plus visibles autour du sol urbain. Ces tensions restent g\u00e9n\u00e9ralement de faible intensit\u00e9, mais elles peuvent jouer un r\u00f4le de catalyseur dans des crises politiques plus larges, ou nourrir des ressentiments exploit\u00e9s par des acteurs violents.<\/p>\n<p>La question n\u2019est donc pas seulement de savoir si les tensions fonci\u00e8res urbaines \u00ab augmentent \u00bb, mais comment elles se transforment, quelles populations elles touchent et quels risques elles font peser sur les villes ouest-africaines.<\/p>\n<h2>Un contexte d\u2019urbanisation rapide et mal r\u00e9gul\u00e9<\/h2>\n<p>Les villes ouest-africaines figurent parmi les plus dynamiques au monde en termes de croissance d\u00e9mographique. Cette urbanisation se caract\u00e9rise par :<\/p>\n<ul>\n<li><strong>une forte pression sur le sol urbain<\/strong> : extension rapide des p\u00e9riph\u00e9ries, densification des quartiers centraux et \u00e9mergence de zones p\u00e9riurbaines hybrides, ni totalement rurales ni pleinement urbaines ;<\/li>\n<li><strong>une pr\u00e9dominance du march\u00e9 informel<\/strong> : transactions non enregistr\u00e9es, lotissements irr\u00e9guliers, occupation progressive de terres agricoles ou coutumi\u00e8res ;<\/li>\n<li><strong>une capacit\u00e9 limit\u00e9e des autorit\u00e9s<\/strong> \u00e0 planifier, cartographier, enregistrer et contr\u00f4ler l\u2019usage du sol.<\/li>\n<\/ul>\n<p>Dans ce contexte, le foncier urbain devient un espace de comp\u00e9tition entre plusieurs logiques :<\/p>\n<ul>\n<li><strong>logique coutumi\u00e8re<\/strong> : autorit\u00e9s traditionnelles ou lignages revendiquant des droits anciens sur des terres d\u00e9sormais int\u00e9gr\u00e9es \u00e0 la ville ;<\/li>\n<li><strong>logique \u00e9tatique<\/strong> : cadastre, permis d\u2019occuper, titres fonciers formels, plans d\u2019urbanisme ;<\/li>\n<li><strong>logique marchande<\/strong> : promoteurs immobiliers, sp\u00e9culateurs, interm\u00e9diaires, agents publics et priv\u00e9s cherchant \u00e0 tirer profit de la hausse des prix ;<\/li>\n<li><strong>logique sociale<\/strong> : besoins de logement abordable pour des populations \u00e0 faibles revenus, souvent exclues du march\u00e9 formel.<\/li>\n<\/ul>\n<p>Les tensions apparaissent \u00e0 l\u2019intersection de ces logiques, lorsque plusieurs r\u00e9gimes de l\u00e9gitimit\u00e9 se superposent sur la m\u00eame parcelle : droit coutumier, d\u00e9cision administrative, acte de vente informel, promesse de lotissement, etc.<\/p>\n<h2>Des formes de tensions multiples, rarement spectaculaires mais persistantes<\/h2>\n<p>Les tensions fonci\u00e8res urbaines se manifestent de mani\u00e8re diverse, souvent diffuse et peu m\u00e9diatis\u00e9e :<\/p>\n<ul>\n<li><strong>litiges individuels ou familiaux<\/strong> autour d\u2019h\u00e9ritages, de ventes multiples de la m\u00eame parcelle, de bornages contest\u00e9s ;<\/li>\n<li><strong>conflits entre communaut\u00e9s locales et autorit\u00e9s<\/strong> lors d\u2019expropriations pour projets d\u2019infrastructures, de zones industrielles ou de programmes immobiliers ;<\/li>\n<li><strong>tensions entre \u00ab anciens \u00bb et \u00ab nouveaux venus \u00bb<\/strong> dans les quartiers p\u00e9riph\u00e9riques, o\u00f9 les autochtones se sentent d\u00e9poss\u00e9d\u00e9s par l\u2019expansion urbaine ;<\/li>\n<li><strong>\u00e9victions forc\u00e9es ou menaces d\u2019expulsion<\/strong> dans les quartiers informels ou les zones inondables, parfois sans solution de relogement.<\/li>\n<\/ul>\n<p>La violence physique reste souvent limit\u00e9e (altercations, menaces, destruction de constructions, affrontements ponctuels). Cependant, l\u2019accumulation de frustrations, la perception d\u2019injustice et le sentiment d\u2019impunit\u00e9 des acteurs puissants (\u00e9lites politiques, \u00e9conomiques, propri\u00e9taires influents) alimentent un climat de d\u00e9fiance durable vis-\u00e0-vis des institutions.<\/p>\n<h2>Un terrain propice \u00e0 la corruption et aux client\u00e9lismes<\/h2>\n<p>Le foncier urbain concentre des enjeux \u00e9conomiques consid\u00e9rables : la valeur des terrains et des immeubles augmente rapidement dans de nombreuses capitales et grandes villes. Cette dynamique cr\u00e9e des incitations fortes \u00e0 la captation de la rente fonci\u00e8re :<\/p>\n<ul>\n<li><strong>corruption administrative<\/strong> : d\u00e9livrance de titres contest\u00e9s, duplications de certificats, modification de plans d\u2019urbanisme au profit de certains acteurs ;<\/li>\n<li><strong>client\u00e9lisme politique<\/strong> : attribution de parcelles comme r\u00e9compense ou outil de mobilisation \u00e9lectorale, r\u00e9gularisation s\u00e9lective de quartiers en fonction des rapports de force ;<\/li>\n<li><strong>interm\u00e9diation opaque<\/strong> : r\u00f4le central de courtiers, chefs de quartier, agents locaux qui mon\u00e9tisent l\u2019acc\u00e8s au sol.<\/li>\n<\/ul>\n<p>Ces pratiques ne d\u00e9bouchent pas syst\u00e9matiquement sur des violences ouvertes, mais elles nourrissent une perception de \u00ab privatisation \u00bb de la ville au profit de groupes restreints. Le foncier devient alors un prisme \u00e0 travers lequel se cristallisent des critiques plus larges sur la gouvernance, la corruption et l\u2019in\u00e9galit\u00e9 d\u2019acc\u00e8s aux ressources.<\/p>\n<h2>Des tensions fonci\u00e8res d\u00e9sormais plus visibles et politis\u00e9es<\/h2>\n<p>Les tensions fonci\u00e8res urbaines ne sont pas nouvelles, mais plusieurs \u00e9volutions contribuent \u00e0 les rendre plus visibles et potentiellement plus d\u00e9stabilisatrices :<\/p>\n<ul>\n<li><strong>densification des villes<\/strong> : la raret\u00e9 relative du sol amplifie la valeur de chaque parcelle et exacerbe les conflits d\u2019usage ;<\/li>\n<li><strong>mont\u00e9e des in\u00e9galit\u00e9s urbaines<\/strong> : coexistence de quartiers ferm\u00e9s (gated communities) et de vastes zones informelles, accentuant le sentiment d\u2019exclusion ;<\/li>\n<li><strong>m\u00e9diatisation accrue<\/strong> des cas d\u2019\u00e9viction, de d\u00e9molition ou de corruption fonci\u00e8re, parfois relay\u00e9s par des organisations de la soci\u00e9t\u00e9 civile ;<\/li>\n<li><strong>instrumentalisation politique<\/strong> : certains acteurs mobilisent des dossiers fonciers pour affaiblir des adversaires, d\u00e9noncer des \u00ab accaparements \u00bb ou renforcer leur base sociale.<\/li>\n<\/ul>\n<p>Dans certains contextes, les conflits fonciers urbains s\u2019articulent avec d\u2019autres lignes de fracture : tensions entre groupes socio-\u00e9conomiques, entre communaut\u00e9s autochtones et allochtones, ou entre populations urbaines et autorit\u00e9s centrales. Le foncier devient alors un r\u00e9v\u00e9lateur, voire un amplificateur, de crises politiques plus larges.<\/p>\n<h2>Quels liens avec la s\u00e9curit\u00e9 et l\u2019extr\u00e9misme violent ?<\/h2>\n<p>Les tensions fonci\u00e8res urbaines ne se traduisent pas automatiquement par une mont\u00e9e de l\u2019extr\u00e9misme violent, mais plusieurs m\u00e9canismes m\u00e9ritent attention :<\/p>\n<ul>\n<li><strong>perte de confiance dans l\u2019\u00c9tat<\/strong> : lorsque les institutions sont per\u00e7ues comme incapables ou non dispos\u00e9es \u00e0 r\u00e9soudre les litiges fonciers de mani\u00e8re \u00e9quitable, la l\u00e9gitimit\u00e9 de l\u2019\u00c9tat s\u2019\u00e9rode ;<\/li>\n<li><strong>vuln\u00e9rabilit\u00e9 sociale accrue<\/strong> : expulsions, d\u00e9molitions et pr\u00e9carit\u00e9 r\u00e9sidentielle peuvent aggraver la marginalisation de certains groupes, notamment des jeunes en situation d\u2019exclusion socio-\u00e9conomique ;<\/li>\n<li><strong>r\u00f4le des acteurs violents<\/strong> : dans certaines configurations, des groupes arm\u00e9s, milices ou r\u00e9seaux criminels peuvent intervenir comme \u00ab protecteurs \u00bb ou arbitres informels, renfor\u00e7ant leur influence locale ;<\/li>\n<li><strong>articulation rural\u2013urbain<\/strong> : la pression urbaine sur les terres p\u00e9riph\u00e9riques peut alimenter des tensions avec des communaut\u00e9s rurales, dans des zones d\u00e9j\u00e0 fragilis\u00e9es par l\u2019ins\u00e9curit\u00e9 ou les conflits agropastoraux.<\/li>\n<\/ul>\n<p>Dans les villes proches de zones de conflit ou situ\u00e9es sur des corridors strat\u00e9giques, ces dynamiques peuvent contribuer, indirectement, \u00e0 cr\u00e9er un environnement favorable \u00e0 des formes de violence politique ou criminelle, m\u00eame si le lien de causalit\u00e9 reste complexe et multifactoriel.<\/p>\n<h2>Un enjeu strat\u00e9gique pour les acteurs publics et priv\u00e9s<\/h2>\n<p>Pour les \u00c9tats, les collectivit\u00e9s locales, les ONG et les entreprises, la mont\u00e9e des tensions fonci\u00e8res urbaines pose plusieurs d\u00e9fis strat\u00e9giques :<\/p>\n<ul>\n<li><strong>risques politiques<\/strong> : contestations autour de projets urbains, accusations d\u2019accaparement, mobilisation de quartiers contre des autorit\u00e9s jug\u00e9es ill\u00e9gitimes ;<\/li>\n<li><strong>risques s\u00e9curitaires<\/strong> : affrontements ponctuels, sabotage de chantiers, menaces contre des agents publics ou des entreprises ;<\/li>\n<li><strong>risques sociaux et r\u00e9putationnels<\/strong> : perception d\u2019injustice, campagnes de d\u00e9nonciation, image n\u00e9gative associ\u00e9e \u00e0 des projets jug\u00e9s expulsifs ou in\u00e9quitables ;<\/li>\n<li><strong>risques \u00e9conomiques<\/strong> : blocage de projets, retards, surco\u00fbts li\u00e9s \u00e0 des litiges non anticip\u00e9s.<\/li>\n<\/ul>\n<p>La gestion de ces risques ne rel\u00e8ve pas seulement du droit foncier. Elle implique une compr\u00e9hension fine des rapports de pouvoir locaux, des formes de l\u00e9gitimit\u00e9 (coutumi\u00e8re, communautaire, municipale, nationale) et des attentes des populations concern\u00e9es.<\/p>\n<h2>Les tensions fonci\u00e8res urbaines gagnent-elles vraiment du terrain ?<\/h2>\n<p>Les donn\u00e9es quantitatives sur l\u2019\u00e9volution des conflits fonciers urbains restent limit\u00e9es et souvent fragmentaires. Cependant, plusieurs tendances convergentes se d\u00e9gagent :<\/p>\n<ul>\n<li><strong>augmentation de la pression d\u00e9mographique et \u00e9conomique<\/strong> sur le sol urbain, particuli\u00e8rement dans les capitales et les grandes agglom\u00e9rations c\u00f4ti\u00e8res ;<\/li>\n<li><strong>multiplication des litiges document\u00e9s<\/strong> par les tribunaux, les commissions fonci\u00e8res et les organisations de la soci\u00e9t\u00e9 civile ;<\/li>\n<li><strong>visibilit\u00e9 accrue<\/strong> des conflits li\u00e9s aux grands projets (infrastructures, zones \u00e9conomiques sp\u00e9ciales, programmes immobiliers) ;<\/li>\n<li><strong>persistances des zones d\u2019ombre<\/strong> : large part de conflits r\u00e9gl\u00e9s de mani\u00e8re informelle, sans traces statistiques, mais bien pr\u00e9sents dans le v\u00e9cu des habitants.<\/li>\n<\/ul>\n<p>Il appara\u00eet moins que les tensions fonci\u00e8res urbaines \u00ab apparaissent \u00bb que qu\u2019elles se <strong>densifient, se complexifient et se politisent<\/strong>, dans un contexte o\u00f9 le foncier devient un enjeu central de la production de la ville et de la distribution des ressources.<\/p>\n<p>La question n\u2019est donc pas uniquement quantitative (\u00ab plus ou moins de conflits \u00bb), mais qualitative : qui gagne, qui perd, qui se sent exclu ou d\u00e9poss\u00e9d\u00e9, et comment ces perceptions peuvent influencer la stabilit\u00e9 urbaine et la relation entre populations et institutions.<\/p>\n<h2>Pistes de r\u00e9flexion pour la suite<\/h2>\n<p>Plusieurs axes se d\u00e9gagent pour mieux appr\u00e9hender ces tensions :<\/p>\n<ul>\n<li><strong>am\u00e9lioration de la connaissance<\/strong> : cartographie fine des zones \u00e0 forte pression fonci\u00e8re, suivi des litiges, analyse des m\u00e9canismes locaux de r\u00e9solution de conflits ;<\/li>\n<li><strong>prise en compte des l\u00e9gitimit\u00e9s multiples<\/strong> : articulation plus claire entre droits coutumiers, pratiques informelles et dispositifs \u00e9tatiques ;<\/li>\n<li><strong>attention aux impacts sociaux des projets urbains<\/strong> : relogement, compensation, participation des communaut\u00e9s aux d\u00e9cisions ;<\/li>\n<li><strong>int\u00e9gration du foncier dans l\u2019analyse des risques<\/strong> : pour les acteurs publics comme priv\u00e9s, le foncier urbain n\u2019est plus un simple param\u00e8tre technique, mais un indicateur cl\u00e9 des tensions socio-politiques \u00e0 venir.<\/li>\n<\/ul>\n<p>Les tensions fonci\u00e8res urbaines ne constituent pas \u00e0 elles seules une menace directe de basculement vers l\u2019extr\u00e9misme violent. Elles participent cependant \u00e0 fa\u00e7onner des environnements urbains o\u00f9 la d\u00e9fiance, la perception d\u2019injustice et la comp\u00e9tition pour des ressources rares peuvent, \u00e0 terme, interagir avec d\u2019autres facteurs d\u2019instabilit\u00e9. Leur suivi devient donc un \u00e9l\u00e9ment important de toute lecture strat\u00e9gique des dynamiques urbaines en Afrique de l\u2019Ouest.<\/p>\n","protected":false},"excerpt":{"rendered":"<p>Les tensions fonci\u00e8res urbaines sont souvent per\u00e7ues comme un sujet technique ou administratif. Elles constituent pourtant un enjeu strat\u00e9gique majeur pour la stabilit\u00e9 politique, la coh\u00e9sion sociale et, de plus en plus, la s\u00e9curit\u00e9 en Afrique de l\u2019Ouest. La combinaison d\u2019une urbanisation rapide, d\u2019une gouvernance fonci\u00e8re fragile et de fortes in\u00e9galit\u00e9s alimente des conflits de [&hellip;]<\/p>\n","protected":false},"author":1,"featured_media":0,"comment_status":"closed","ping_status":"closed","sticky":false,"template":"","format":"standard","meta":{"_acf_changed":false,"_seopress_robots_primary_cat":"","_seopress_titles_title":"Tensions fonci\u00e8res urbaines : une bombe \u00e0 retardement en ville","_seopress_titles_desc":"Pression d\u00e9mographique, sp\u00e9culation et conflits : pourquoi les tensions fonci\u00e8res urbaines se multiplient en Afrique de l'Ouest et menacent la stabilit\u00e9.","_seopress_robots_index":"","footnotes":""},"acteur":[111,107],"niveau":[114],"risque":[117,119],"thematique":[136,139],"zone":[],"class_list":{"0":"post-22522","1":"post","2":"type-post","3":"status-publish","4":"format-standard","6":"acteur-acteurs-economiques-formels-et-informels","7":"acteur-etats-et-institutions-publiques","8":"niveau-niveau-analytique","9":"risque-risques-securitaires","10":"risque-risques-sociaux-et-reputationnels","11":"thematique-gouvernance-et-transitions-politiques","12":"thematique-societe-jeunesse-et-radicalisation"},"acf":[],"_links":{"self":[{"href":"https:\/\/sahel.watch\/en\/wp-json\/wp\/v2\/posts\/22522","targetHints":{"allow":["GET"]}}],"collection":[{"href":"https:\/\/sahel.watch\/en\/wp-json\/wp\/v2\/posts"}],"about":[{"href":"https:\/\/sahel.watch\/en\/wp-json\/wp\/v2\/types\/post"}],"author":[{"embeddable":true,"href":"https:\/\/sahel.watch\/en\/wp-json\/wp\/v2\/users\/1"}],"replies":[{"embeddable":true,"href":"https:\/\/sahel.watch\/en\/wp-json\/wp\/v2\/comments?post=22522"}],"version-history":[{"count":1,"href":"https:\/\/sahel.watch\/en\/wp-json\/wp\/v2\/posts\/22522\/revisions"}],"predecessor-version":[{"id":26676,"href":"https:\/\/sahel.watch\/en\/wp-json\/wp\/v2\/posts\/22522\/revisions\/26676"}],"wp:attachment":[{"href":"https:\/\/sahel.watch\/en\/wp-json\/wp\/v2\/media?parent=22522"}],"wp:term":[{"taxonomy":"acteur","embeddable":true,"href":"https:\/\/sahel.watch\/en\/wp-json\/wp\/v2\/acteur?post=22522"},{"taxonomy":"niveau","embeddable":true,"href":"https:\/\/sahel.watch\/en\/wp-json\/wp\/v2\/niveau?post=22522"},{"taxonomy":"risque","embeddable":true,"href":"https:\/\/sahel.watch\/en\/wp-json\/wp\/v2\/risque?post=22522"},{"taxonomy":"thematique","embeddable":true,"href":"https:\/\/sahel.watch\/en\/wp-json\/wp\/v2\/thematique?post=22522"},{"taxonomy":"zone","embeddable":true,"href":"https:\/\/sahel.watch\/en\/wp-json\/wp\/v2\/zone?post=22522"}],"curies":[{"name":"wp","href":"https:\/\/api.w.org\/{rel}","templated":true}]}}