{"id":22504,"date":"2025-08-09T11:19:00","date_gmt":"2025-08-09T11:19:00","guid":{"rendered":"https:\/\/sahel.watch\/les-operations-conjointes-sont-elles-reellement-coordonnees\/"},"modified":"2026-03-22T18:08:23","modified_gmt":"2026-03-22T18:08:23","slug":"les-operations-conjointes-sont-elles-reellement-coordonnees","status":"publish","type":"post","link":"https:\/\/sahel.watch\/en\/les-operations-conjointes-sont-elles-reellement-coordonnees\/","title":{"rendered":"Les op\u00e9rations conjointes sont-elles r\u00e9ellement coordonn\u00e9es ?"},"content":{"rendered":"<p>\nLes op\u00e9rations conjointes sont devenues un instrument central de la r\u00e9ponse s\u00e9curitaire en Afrique de l\u2019Ouest et au Sahel : op\u00e9rations transfrontali\u00e8res entre \u00c9tats voisins, dispositifs multinationaux (G5 Sahel, MNJTF autour du lac Tchad), coop\u00e9rations bilat\u00e9rales avec des partenaires ext\u00e9rieurs. Elles sont souvent pr\u00e9sent\u00e9es comme \u00ab coordonn\u00e9es \u00bb, \u00ab int\u00e9gr\u00e9es \u00bb, voire \u00ab mutualis\u00e9es \u00bb. Dans la pratique, la r\u00e9alit\u00e9 est plus nuanc\u00e9e.\n<\/p>\n<p>\nL\u2019enjeu n\u2019est pas seulement de savoir si des forces op\u00e8rent en m\u00eame temps dans une m\u00eame zone, mais si elles partagent r\u00e9ellement l\u2019information, planifient ensemble, se compl\u00e8tent sur le terrain et poursuivent des objectifs strat\u00e9giques convergents. Autrement dit : la coordination est-elle structurelle et durable, ou essentiellement d\u00e9clarative et ponctuelle ?\n<\/p>\n<h2>Ce que recouvre r\u00e9ellement la \u00ab coordination \u00bb<\/h2>\n<p>\nDans le langage s\u00e9curitaire, la coordination renvoie \u00e0 plusieurs niveaux distincts :\n<\/p>\n<ul>\n<li><strong>Coordination politique<\/strong> : accords entre \u00c9tats, mandats communs, d\u00e9clarations conjointes, cadres juridiques (M\u00e9morandums d\u2019entente, accords de d\u00e9fense, protocoles transfrontaliers).<\/li>\n<li><strong>Coordination strat\u00e9gique<\/strong> : d\u00e9finition partag\u00e9e des priorit\u00e9s (zones \u00e0 s\u00e9curiser, types de menaces, calendrier), articulation entre op\u00e9rations militaires, police, justice et actions civiles.<\/li>\n<li><strong>Coordination op\u00e9rationnelle<\/strong> : planification commune des op\u00e9rations, partage du renseignement, cha\u00eenes de commandement claires, r\u00e8gles d\u2019engagement harmonis\u00e9es.<\/li>\n<li><strong>Coordination logistique<\/strong> : ravitaillement, \u00e9vacuation sanitaire, maintenance, communications, capacit\u00e9s a\u00e9riennes.<\/li>\n<\/ul>\n<p>\nBeaucoup d\u2019op\u00e9rations dites \u00ab conjointes \u00bb se limitent \u00e0 un niveau politique ou symbolique : annonces de coop\u00e9ration, patrouilles simultan\u00e9es de part et d\u2019autre d\u2019une fronti\u00e8re, \u00e9changes de d\u00e9l\u00e9gations. La coordination op\u00e9rationnelle, plus exigeante, demeure souvent partielle et fragile.\n<\/p>\n<h2>Exemples de cadres d\u2019op\u00e9rations conjointes en Afrique de l\u2019Ouest<\/h2>\n<p>\nPlusieurs dispositifs illustrent ces dynamiques :\n<\/p>\n<ul>\n<li><strong>La Force conjointe du G5 Sahel<\/strong> (Mali, Niger, Burkina Faso, Mauritanie, Tchad) a \u00e9t\u00e9 con\u00e7ue pour des op\u00e9rations transfrontali\u00e8res coordonn\u00e9es contre les groupes arm\u00e9s et les trafics. Malgr\u00e9 un cadre politique fort, le d\u00e9ploiement effectif, la fr\u00e9quence des op\u00e9rations et la capacit\u00e9 de projection sont rest\u00e9s limit\u00e9s, dans un contexte de coups d\u2019\u00c9tat, de tensions diplomatiques et de retrait de partenaires cl\u00e9s.<\/li>\n<li><strong>La Force multinationale mixte (MNJTF)<\/strong> autour du lac Tchad (Nigeria, Niger, Tchad, Cameroun, B\u00e9nin) a men\u00e9 des op\u00e9rations conjointes contre Boko Haram et l\u2019\u00c9tat islamique en Afrique de l\u2019Ouest. La coordination y est plus ancienne, mais demeure fortement d\u00e9pendante des capacit\u00e9s et priorit\u00e9s nationales, notamment celles du Nigeria.<\/li>\n<li><strong>Les op\u00e9rations transfrontali\u00e8res bilat\u00e9rales ou r\u00e9gionales<\/strong> (par exemple Burkina Faso\u2013Togo\u2013B\u00e9nin, ou Niger\u2013Nigeria) se multiplient dans les zones frontali\u00e8res touch\u00e9es par les groupes jihadistes ou les trafics. Elles s\u2019appuient souvent sur des m\u00e9canismes de coop\u00e9ration polici\u00e8re et militaire plus souples, mais avec une profondeur strat\u00e9gique variable.<\/li>\n<\/ul>\n<p>\nCes cadres montrent une volont\u00e9 r\u00e9elle de mutualisation, mais aussi les limites structurelles de la coordination en contexte de souverainet\u00e9s jalouses, de transitions politiques et de m\u00e9fiances r\u00e9ciproques.\n<\/p>\n<h2>Les principaux obstacles \u00e0 une coordination r\u00e9elle<\/h2>\n<h3>Divergences d\u2019agendas politiques et s\u00e9curitaires<\/h3>\n<p>\nLes \u00c9tats engag\u00e9s dans des op\u00e9rations conjointes ne per\u00e7oivent pas tous les menaces de la m\u00eame mani\u00e8re. Pour certains, la priorit\u00e9 est la lutte contre les groupes jihadistes ; pour d\u2019autres, le contr\u00f4le des fronti\u00e8res, la lutte contre les trafics, la stabilit\u00e9 du r\u00e9gime ou la gestion de rivalit\u00e9s internes. Ces diff\u00e9rences se traduisent par :\n<\/p>\n<ul>\n<li>des priorit\u00e9s g\u00e9ographiques diff\u00e9rentes (certains \u00c9tats concentrent leurs moyens sur des zones jug\u00e9es plus sensibles pour leur propre s\u00e9curit\u00e9 int\u00e9rieure) ;<\/li>\n<li>des temporalit\u00e9s politiques (\u00e9lections, transitions, sanctions r\u00e9gionales) qui influencent l\u2019engagement r\u00e9el sur le terrain ;<\/li>\n<li>des r\u00e9ticences \u00e0 partager des informations sensibles, per\u00e7ues comme pouvant \u00eatre utilis\u00e9es \u00e0 des fins politiques ou d\u2019influence.<\/li>\n<\/ul>\n<p>\nLorsque les agendas nationaux divergent, la coordination op\u00e9rationnelle devient plus difficile \u00e0 stabiliser dans la dur\u00e9e.\n<\/p>\n<h3>Capacit\u00e9s militaires et logistiques tr\u00e8s in\u00e9gales<\/h3>\n<p>\nLes forces arm\u00e9es et de s\u00e9curit\u00e9 des pays de la r\u00e9gion pr\u00e9sentent des niveaux de formation, d\u2019\u00e9quipement et de moral tr\u00e8s h\u00e9t\u00e9rog\u00e8nes. Cette asym\u00e9trie affecte la capacit\u00e9 \u00e0 conduire de v\u00e9ritables op\u00e9rations conjointes :\n<\/p>\n<ul>\n<li>certains contingents ne disposent pas de moyens de mobilit\u00e9 suffisants (v\u00e9hicules, carburant, appui a\u00e9rien), ce qui limite leur participation effective ;<\/li>\n<li>les communications interarm\u00e9es et inter-\u00c9tats restent souvent fragment\u00e9es, malgr\u00e9 des centres de fusion du renseignement soutenus par des partenaires internationaux ;<\/li>\n<li>les capacit\u00e9s de commandement interarm\u00e9es (C2) sont encore en construction, avec des difficult\u00e9s \u00e0 g\u00e9rer des op\u00e9rations complexes sur plusieurs th\u00e9\u00e2tres.<\/li>\n<\/ul>\n<p>\nDans ces conditions, l\u2019\u00e9tiquette \u00ab conjointe \u00bb peut masquer un engagement op\u00e9rationnel tr\u00e8s asym\u00e9trique entre partenaires.\n<\/p>\n<h3>Fragmentation des partenaires internationaux<\/h3>\n<p>\nLes op\u00e9rations conjointes s\u2019inscrivent souvent dans un environnement o\u00f9 interviennent simultan\u00e9ment plusieurs acteurs ext\u00e9rieurs : missions de l\u2019ONU, forces bilat\u00e9rales, soci\u00e9t\u00e9s militaires priv\u00e9es, programmes de formation et d\u2019\u00e9quipement. Cette pluralit\u00e9 peut g\u00e9n\u00e9rer :\n<\/p>\n<ul>\n<li>des doublons ou des chevauchements d\u2019initiatives (plusieurs structures de coordination parall\u00e8les) ;<\/li>\n<li>des rivalit\u00e9s d\u2019influence entre partenaires internationaux, qui se r\u00e9percutent sur les choix op\u00e9rationnels ;<\/li>\n<li>une surcharge de m\u00e9canismes de concertation, parfois plus lourds que r\u00e9ellement op\u00e9rationnels.<\/li>\n<\/ul>\n<p>\nLa coordination devient alors autant un enjeu de diplomatie et de gestion de l\u2019aide s\u00e9curitaire qu\u2019un processus militaire fonctionnel.\n<\/p>\n<h3>Faible int\u00e9gration des dimensions civiles et locales<\/h3>\n<p>\nLa plupart des op\u00e9rations conjointes restent centr\u00e9es sur la dimension militaire, avec une int\u00e9gration limit\u00e9e des acteurs civils : administrations locales, autorit\u00e9s coutumi\u00e8res, organisations de la soci\u00e9t\u00e9 civile. Cela pose plusieurs probl\u00e8mes :\n<\/p>\n<ul>\n<li>les op\u00e9rations peuvent ignorer des dynamiques locales essentielles (conflits fonciers, tensions pastorales, rivalit\u00e9s communautaires) qui nourrissent les violences ;<\/li>\n<li>les retours d\u2019information depuis les communaut\u00e9s sont insuffisants, limitant la pertinence du renseignement humain ;<\/li>\n<li>les op\u00e9rations peuvent \u00eatre per\u00e7ues comme ext\u00e9rieures ou intrusives, ce qui complique la coop\u00e9ration avec les populations.<\/li>\n<\/ul>\n<p>\nLa coordination ne se limite pas aux forces arm\u00e9es : elle suppose aussi une articulation avec les politiques publiques, la justice, la gouvernance locale et les acteurs non \u00e9tatiques l\u00e9gitimes.\n<\/p>\n<h2>Des progr\u00e8s r\u00e9els, mais souvent sectoriels et fragiles<\/h2>\n<p>\nMalgr\u00e9 ces limites, plusieurs \u00e9volutions indiquent une am\u00e9lioration progressive de certains aspects de la coordination :\n<\/p>\n<ul>\n<li><strong>Centres de fusion du renseignement<\/strong> et plateformes r\u00e9gionales (soutenus par l\u2019Union africaine, la CEDEAO ou des partenaires bilat\u00e9raux) qui facilitent le partage d\u2019informations sur les groupes arm\u00e9s, les routes de trafics ou les incidents s\u00e9curitaires.<\/li>\n<li><strong>Patrouilles mixtes et postes frontaliers conjoints<\/strong> qui permettent une meilleure connaissance mutuelle, m\u00eame si l\u2019ampleur des territoires \u00e0 couvrir reste consid\u00e9rable.<\/li>\n<li><strong>Exercices conjoints r\u00e9guliers<\/strong> (man\u0153uvres, simulations de crise) qui renforcent l\u2019interop\u00e9rabilit\u00e9 technique et les proc\u00e9dures communes.<\/li>\n<li><strong>Approches plus int\u00e9gr\u00e9es dans certaines zones<\/strong>, o\u00f9 acteurs militaires, policiers et civils tentent de coordonner leurs actions autour de la protection des civils et de la r\u00e9ouverture de services publics.<\/li>\n<\/ul>\n<p>\nCes progr\u00e8s restent toutefois tr\u00e8s d\u00e9pendants de la stabilit\u00e9 politique, de la continuit\u00e9 des financements et du maintien de canaux de dialogue entre \u00c9tats, ce qui est loin d\u2019\u00eatre garanti dans un contexte de recompositions r\u00e9gionales rapides.\n<\/p>\n<h2>Pour les organisations et entreprises : ce que cela implique<\/h2>\n<p>\nPour les acteurs \u00e9conomiques, les ONG et les organisations internationales, la question de la \u00ab r\u00e9elle coordination \u00bb des op\u00e9rations conjointes a des implications directes en termes de risques :\n<\/p>\n<ul>\n<li><strong>Pr\u00e9visibilit\u00e9 limit\u00e9e<\/strong> : les op\u00e9rations peuvent \u00eatre annonc\u00e9es, report\u00e9es ou reconfigur\u00e9es rapidement, avec des effets variables sur la s\u00e9curit\u00e9 des corridors logistiques, des sites d\u2019implantation ou des zones rurales.<\/li>\n<li><strong>Zones de responsabilit\u00e9 floues<\/strong> : dans certains espaces transfrontaliers, il n\u2019est pas toujours clair quelles forces sont r\u00e9ellement pr\u00e9sentes, qui commande quoi, ni quelles sont les priorit\u00e9s en mati\u00e8re de protection des civils.<\/li>\n<li><strong>Effets de d\u00e9placement des menaces<\/strong> : des op\u00e9rations conjointes ponctuelles peuvent pousser des groupes arm\u00e9s \u00e0 se red\u00e9ployer vers d\u2019autres zones, y compris des r\u00e9gions auparavant relativement \u00e9pargn\u00e9es.<\/li>\n<li><strong>Perceptions locales<\/strong> : la mani\u00e8re dont les populations per\u00e7oivent ces op\u00e9rations (protection, neutralit\u00e9, exactions, collusion suppos\u00e9e avec certains acteurs) influence la confiance globale envers les institutions et, par ricochet, envers les organisations pr\u00e9sentes sur le terrain.<\/li>\n<\/ul>\n<p>\nL\u2019analyse des op\u00e9rations conjointes doit donc int\u00e9grer, au-del\u00e0 des annonces officielles, l\u2019observation fine de leur mise en \u0153uvre r\u00e9elle, de leur continuit\u00e9 dans le temps et de leurs effets sur les dynamiques locales de s\u00e9curit\u00e9 et de gouvernance.\n<\/p>\n<h2>Vers une coordination plus substantielle ?<\/h2>\n<p>\nPlusieurs tendances pourraient favoriser, \u00e0 moyen terme, une coordination plus r\u00e9elle et moins d\u00e9clarative :\n<\/p>\n<ul>\n<li><strong>Renforcement progressif des capacit\u00e9s nationales<\/strong> (commandement, logistique, renseignement) qui r\u00e9duit les asym\u00e9tries entre partenaires.<\/li>\n<li><strong>Pressions r\u00e9gionales et internationales<\/strong> pour une meilleure harmonisation des r\u00e9ponses, notamment via la CEDEAO, l\u2019Union africaine et certains m\u00e9canismes de financement conditionn\u00e9s \u00e0 la coop\u00e9ration.<\/li>\n<li><strong>Apprentissage institutionnel<\/strong> : les forces de s\u00e9curit\u00e9 accumulent une exp\u00e9rience des op\u00e9rations transfrontali\u00e8res, ce qui am\u00e9liore progressivement les proc\u00e9dures et les r\u00e9flexes de coop\u00e9ration.<\/li>\n<li><strong>Reconnaissance croissante du r\u00f4le des acteurs locaux<\/strong> dans la stabilisation, avec des tentatives d\u2019articulation entre op\u00e9rations militaires, m\u00e9diation locale et programmes de d\u00e9veloppement.<\/li>\n<\/ul>\n<p>\nCependant, les incertitudes demeurent fortes : reconfigurations d\u2019alliances, ruptures avec certains partenaires, mont\u00e9e en puissance d\u2019acteurs non occidentaux, tensions entre souverainet\u00e9 et coop\u00e9ration. La question n\u2019est donc pas seulement de savoir si les op\u00e9rations conjointes sont coordonn\u00e9es aujourd\u2019hui, mais dans quelle direction \u00e9voluent les architectures de s\u00e9curit\u00e9 r\u00e9gionales, et avec quel degr\u00e9 de confiance entre acteurs.\n<\/p>\n<p>\nAu final, beaucoup d\u2019op\u00e9rations conjointes restent partiellement coordonn\u00e9es : elles traduisent une volont\u00e9 de coop\u00e9ration, mais se heurtent \u00e0 des contraintes politiques, institutionnelles et techniques qui limitent leur profondeur. La coordination r\u00e9elle se construit dans la dur\u00e9e, par l\u2019accumulation de pratiques, de confiance et de capacit\u00e9s partag\u00e9es, plus que par les seules annonces d\u2019op\u00e9rations \u00ab conjointes \u00bb.<\/p>\n","protected":false},"excerpt":{"rendered":"<p>Les op\u00e9rations conjointes sont devenues un instrument central de la r\u00e9ponse s\u00e9curitaire en Afrique de l\u2019Ouest et au Sahel : op\u00e9rations transfrontali\u00e8res entre \u00c9tats voisins, dispositifs multinationaux (G5 Sahel, MNJTF autour du lac Tchad), coop\u00e9rations bilat\u00e9rales avec des partenaires ext\u00e9rieurs. Elles sont souvent pr\u00e9sent\u00e9es comme \u00ab coordonn\u00e9es \u00bb, \u00ab int\u00e9gr\u00e9es \u00bb, voire \u00ab mutualis\u00e9es \u00bb. [&hellip;]<\/p>\n","protected":false},"author":1,"featured_media":0,"comment_status":"closed","ping_status":"closed","sticky":false,"template":"","format":"standard","meta":{"_acf_changed":false,"_seopress_robots_primary_cat":"","_seopress_titles_title":"Op\u00e9rations conjointes au Sahel : bilan et efficacit\u00e9 r\u00e9elle","_seopress_titles_desc":"Les op\u00e9rations militaires conjointes au Sahel tiennent-elles leurs promesses ? Bilan chiffr\u00e9, limites et perspectives d'avenir.","_seopress_robots_index":"","footnotes":""},"acteur":[112,108],"niveau":[114],"risque":[116],"thematique":[137],"zone":[127,128,134],"class_list":{"0":"post-22504","1":"post","2":"type-post","3":"status-publish","4":"format-standard","6":"acteur-acteurs-internationaux-et-organisations-regionales","7":"acteur-forces-armees-et-securite","8":"niveau-niveau-analytique","9":"risque-risques-politiques","10":"thematique-geopolitique-et-acteurs-internationaux","11":"zone-burkina-faso","12":"zone-niger","13":"zone-nigeria"},"acf":[],"_links":{"self":[{"href":"https:\/\/sahel.watch\/en\/wp-json\/wp\/v2\/posts\/22504","targetHints":{"allow":["GET"]}}],"collection":[{"href":"https:\/\/sahel.watch\/en\/wp-json\/wp\/v2\/posts"}],"about":[{"href":"https:\/\/sahel.watch\/en\/wp-json\/wp\/v2\/types\/post"}],"author":[{"embeddable":true,"href":"https:\/\/sahel.watch\/en\/wp-json\/wp\/v2\/users\/1"}],"replies":[{"embeddable":true,"href":"https:\/\/sahel.watch\/en\/wp-json\/wp\/v2\/comments?post=22504"}],"version-history":[{"count":1,"href":"https:\/\/sahel.watch\/en\/wp-json\/wp\/v2\/posts\/22504\/revisions"}],"predecessor-version":[{"id":26685,"href":"https:\/\/sahel.watch\/en\/wp-json\/wp\/v2\/posts\/22504\/revisions\/26685"}],"wp:attachment":[{"href":"https:\/\/sahel.watch\/en\/wp-json\/wp\/v2\/media?parent=22504"}],"wp:term":[{"taxonomy":"acteur","embeddable":true,"href":"https:\/\/sahel.watch\/en\/wp-json\/wp\/v2\/acteur?post=22504"},{"taxonomy":"niveau","embeddable":true,"href":"https:\/\/sahel.watch\/en\/wp-json\/wp\/v2\/niveau?post=22504"},{"taxonomy":"risque","embeddable":true,"href":"https:\/\/sahel.watch\/en\/wp-json\/wp\/v2\/risque?post=22504"},{"taxonomy":"thematique","embeddable":true,"href":"https:\/\/sahel.watch\/en\/wp-json\/wp\/v2\/thematique?post=22504"},{"taxonomy":"zone","embeddable":true,"href":"https:\/\/sahel.watch\/en\/wp-json\/wp\/v2\/zone?post=22504"}],"curies":[{"name":"wp","href":"https:\/\/api.w.org\/{rel}","templated":true}]}}