{"id":22439,"date":"2025-09-27T16:49:35","date_gmt":"2025-09-27T16:49:35","guid":{"rendered":"https:\/\/sahel.watch\/strategie-faut-il-privilegier-loffensive-ou-la-defense\/"},"modified":"2026-03-22T18:04:57","modified_gmt":"2026-03-22T18:04:57","slug":"strategie-faut-il-privilegier-loffensive-ou-la-defense","status":"publish","type":"post","link":"https:\/\/sahel.watch\/en\/strategie-faut-il-privilegier-loffensive-ou-la-defense\/","title":{"rendered":"Strat\u00e9gie : faut-il privil\u00e9gier l\u2019offensive ou la d\u00e9fense ?"},"content":{"rendered":"<p>Dans les d\u00e9bats strat\u00e9giques, la question revient r\u00e9guli\u00e8rement&nbsp;: vaut-il mieux privil\u00e9gier l\u2019offensive ou la d\u00e9fense&nbsp;? La formule est souvent pos\u00e9e de mani\u00e8re binaire, notamment dans les discussions sur la lutte contre le terrorisme, la protection des entreprises ou la s\u00e9curisation des territoires en Afrique de l\u2019Ouest. En r\u00e9alit\u00e9, l\u2019opposition frontale entre offensive et d\u00e9fense masque des enjeux plus complexes&nbsp;: nature de la menace, environnement politique, capacit\u00e9s disponibles, co\u00fbts humains et politiques, perception des populations, cadre juridique.<\/p>\n<p>L\u2019enjeu n\u2019est pas de choisir une posture absolue, mais de comprendre dans quelles conditions l\u2019offensive ou la d\u00e9fense deviennent pertinentes, et comment les combiner pour r\u00e9duire les risques sans cr\u00e9er de nouvelles vuln\u00e9rabilit\u00e9s.<\/p>\n<h2>Ce que recouvrent r\u00e9ellement \u00ab&nbsp;offensive&nbsp;\u00bb et \u00ab&nbsp;d\u00e9fense&nbsp;\u00bb<\/h2>\n<p>Dans le langage courant, l\u2019offensive est associ\u00e9e \u00e0 l\u2019attaque, \u00e0 la prise d\u2019initiative, \u00e0 l\u2019action proactive. La d\u00e9fense \u00e9voque la protection, la retenue, voire la passivit\u00e9. En pratique, ces deux notions sont plus nuanc\u00e9es.<\/p>\n<p><strong>Posture offensive<\/strong> signifie&nbsp;:<\/p>\n<ul>\n<li>chercher \u00e0 neutraliser la menace \u00e0 la source (groupes arm\u00e9s, r\u00e9seaux criminels, capacit\u00e9s logistiques) ;<\/li>\n<li>imposer le tempo \u00e0 l\u2019adversaire (initiatives militaires, poursuites judiciaires, op\u00e9rations de renseignement) ;<\/li>\n<li>accepter un certain niveau de risque imm\u00e9diat (op\u00e9rations ext\u00e9rieures, interventions dans des zones contest\u00e9es).<\/li>\n<\/ul>\n<p><strong>Posture d\u00e9fensive<\/strong> renvoie \u00e0&nbsp;:<\/p>\n<ul>\n<li>prot\u00e9ger des personnes, des infrastructures, des flux (sites sensibles, corridors logistiques, personnels) ;<\/li>\n<li>r\u00e9duire la surface d\u2019exposition (contr\u00f4les d\u2019acc\u00e8s, proc\u00e9dures, redondance des syst\u00e8mes) ;<\/li>\n<li>absorber ou contenir l\u2019impact d\u2019une attaque plut\u00f4t que l\u2019emp\u00eacher \u00e0 tout prix.<\/li>\n<\/ul>\n<p>Dans la pratique ouest-africaine, \u00c9tats, entreprises et organisations combinent en permanence ces deux dimensions&nbsp;: op\u00e9rations militaires ou polici\u00e8res offensives d\u2019un c\u00f4t\u00e9, s\u00e9curisation de sites, escortes, dispositifs de pr\u00e9vention et de r\u00e9silience de l\u2019autre.<\/p>\n<h2>Pourquoi la question est plus complexe qu\u2019un simple \u00ab&nbsp;pour ou contre l\u2019offensive&nbsp;\u00bb<\/h2>\n<p>Les travaux de recherche sur les conflits asym\u00e9triques et la lutte contre le terrorisme montrent qu\u2019il n\u2019existe pas de strat\u00e9gie universelle \u00ab&nbsp;gagnante&nbsp;\u00bb. L\u2019efficacit\u00e9 d\u2019une posture offensive ou d\u00e9fensive d\u00e9pend de plusieurs param\u00e8tres.<\/p>\n<p><strong>Nature de la menace<\/strong>&nbsp;: face \u00e0 un groupe arm\u00e9 structur\u00e9 contr\u00f4lant un territoire, une strat\u00e9gie purement d\u00e9fensive se limite souvent \u00e0 g\u00e9rer les cons\u00e9quences des attaques. \u00c0 l\u2019inverse, face \u00e0 des cellules tr\u00e8s dispers\u00e9es, sans ancrage territorial fort, une offensive mal cibl\u00e9e peut disperser la menace, la rendre plus diffuse et plus difficile \u00e0 suivre.<\/p>\n<p><strong>Environnement politique et social<\/strong>&nbsp;: dans des contextes o\u00f9 la l\u00e9gitimit\u00e9 de l\u2019\u00c9tat est contest\u00e9e, une strat\u00e9gie tr\u00e8s offensive peut \u00eatre per\u00e7ue comme r\u00e9pressive, alimenter le ressentiment, renforcer les narratifs des groupes extr\u00e9mistes et fragiliser les alliances locales. \u00c0 l\u2019inverse, une posture uniquement d\u00e9fensive peut \u00eatre lue comme un abandon de certaines zones ou communaut\u00e9s.<\/p>\n<p><strong>Capacit\u00e9s r\u00e9elles<\/strong>&nbsp;: une strat\u00e9gie offensive exige des moyens importants (renseignement, mobilit\u00e9, logistique, capacit\u00e9s judiciaires, coop\u00e9ration r\u00e9gionale). Sans ces pr\u00e9requis, l\u2019offensive risque de produire des effets limit\u00e9s, voire contre-productifs. La d\u00e9fense, elle, demande de la discipline, des proc\u00e9dures robustes et une gestion fine des priorit\u00e9s, car tout ne peut pas \u00eatre prot\u00e9g\u00e9.<\/p>\n<p><strong>Contraintes juridiques et r\u00e9putationnelles<\/strong>&nbsp;: les op\u00e9rations offensives sont plus expos\u00e9es aux risques de violations des droits humains, de bavures, de dommages collat\u00e9raux. Ces \u00e9l\u00e9ments ont un impact direct sur la perception des acteurs (\u00c9tats, entreprises, ONG) et sur leur capacit\u00e9 \u00e0 maintenir des partenariats locaux et internationaux.<\/p>\n<h2>Exemples ouest-africains&nbsp;: enseignements et limites<\/h2>\n<p>Les exp\u00e9riences r\u00e9centes au Sahel et dans le Golfe de Guin\u00e9e illustrent les forces et les limites des approches centr\u00e9es sur l\u2019offensive ou la d\u00e9fense.<\/p>\n<p><strong>Offensives militaires contre les groupes jihadistes<\/strong>&nbsp;: au Mali, au Burkina Faso et au Niger, les op\u00e9rations militaires offensives ont parfois permis de perturber des r\u00e9seaux, de neutraliser des cadres ou de reprendre le contr\u00f4le de certaines localit\u00e9s. Cependant, la litt\u00e9rature sp\u00e9cialis\u00e9e souligne que ces gains sont souvent temporaires si l\u2019offensive n\u2019est pas accompagn\u00e9e d\u2019un retour durable de l\u2019\u00c9tat, de services de base et de m\u00e9canismes de r\u00e9solution des conflits locaux. Les groupes arm\u00e9s se reconfigurent, se d\u00e9placent vers d\u2019autres zones (y compris vers les pays c\u00f4tiers) ou modifient leurs modes op\u00e9ratoires.<\/p>\n<p><strong>Strat\u00e9gies principalement d\u00e9fensives autour des sites sensibles<\/strong>&nbsp;: dans plusieurs pays c\u00f4tiers, l\u2019accent a \u00e9t\u00e9 mis sur la protection des zones touristiques, des sites industriels, des capitales et des axes routiers. Cette approche r\u00e9duit la vuln\u00e9rabilit\u00e9 de certains points critiques, mais peut laisser des espaces ruraux ou frontaliers moins prot\u00e9g\u00e9s, o\u00f9 les groupes arm\u00e9s trouvent des zones de repli, de recrutement et de transit. Une d\u00e9fense trop concentr\u00e9e sur quelques sites peut ainsi d\u00e9placer la menace plut\u00f4t que la r\u00e9duire.<\/p>\n<p><strong>Adaptation des groupes arm\u00e9s<\/strong>&nbsp;: les groupes jihadistes et criminels en Afrique de l\u2019Ouest ont montr\u00e9 une forte capacit\u00e9 d\u2019adaptation. Face \u00e0 des offensives militaires, ils se dispersent, passent \u00e0 des tactiques de harc\u00e8lement, d\u2019attaques cibl\u00e9es ou d\u2019actions clandestines en milieu urbain. Face \u00e0 un durcissement d\u00e9fensif autour de certains sites, ils redirigent leurs actions vers des cibles plus accessibles ou symboliques (villages isol\u00e9s, \u00e9lus locaux, infrastructures secondaires). Cette dynamique souligne qu\u2019aucune posture n\u2019est statique&nbsp;: chaque \u00e9volution offensive ou d\u00e9fensive entra\u00eene des ajustements adverses.<\/p>\n<h2>Vers quelle combinaison tendre&nbsp;? Quelques rep\u00e8res strat\u00e9giques<\/h2>\n<p>Plut\u00f4t que de trancher entre offensive et d\u00e9fense, l\u2019enjeu strat\u00e9gique consiste \u00e0 articuler les deux dimensions de mani\u00e8re coh\u00e9rente, en fonction des objectifs, des moyens et du contexte.<\/p>\n<p><strong>Clarifier les priorit\u00e9s<\/strong>&nbsp;: une posture offensive sans hi\u00e9rarchisation claire des objectifs risque de disperser les efforts. \u00c0 l\u2019inverse, une d\u00e9fense qui cherche \u00e0 tout prot\u00e9ger devient rapidement inefficace. Les priorit\u00e9s doivent \u00eatre d\u00e9finies en fonction des risques majeurs&nbsp;: quelles zones, quelles populations, quelles infrastructures sont r\u00e9ellement critiques&nbsp;? Quels sont les effets recherch\u00e9s \u00e0 court, moyen et long terme&nbsp;?<\/p>\n<p><strong>Combiner offensive cibl\u00e9e et d\u00e9fense robuste<\/strong>&nbsp;: les op\u00e9rations offensives sont plus efficaces lorsqu\u2019elles s\u2019appuient sur un renseignement solide, une connaissance fine des dynamiques locales et des alliances avec les communaut\u00e9s. Elles doivent \u00eatre accompagn\u00e9es de mesures d\u00e9fensives renfor\u00e7ant la r\u00e9silience des zones lib\u00e9r\u00e9es ou stabilis\u00e9es&nbsp;: s\u00e9curisation des routes, r\u00e9ouverture des services publics, m\u00e9canismes de m\u00e9diation locale.<\/p>\n<p><strong>Int\u00e9grer la dimension politique et sociale<\/strong>&nbsp;: dans les contextes d\u2019extr\u00e9misme violent, la strat\u00e9gie ne peut pas \u00eatre uniquement militaire ou s\u00e9curitaire. Les initiatives offensives et d\u00e9fensives doivent \u00eatre articul\u00e9es avec des politiques de gouvernance locale, de justice, de d\u00e9veloppement et de dialogue. Sans cette articulation, l\u2019offensive risque d\u2019\u00eatre per\u00e7ue comme une simple op\u00e9ration de force, et la d\u00e9fense comme une protection r\u00e9serv\u00e9e \u00e0 quelques espaces privil\u00e9gi\u00e9s.<\/p>\n<p><strong>Anticiper les effets secondaires<\/strong>&nbsp;: toute mont\u00e9e en puissance offensive peut g\u00e9n\u00e9rer des d\u00e9placements de population, des repr\u00e9sailles locales, des recompositions dans les \u00e9conomies parall\u00e8les. De m\u00eame, le renforcement de la d\u00e9fense autour de certains sites peut d\u00e9placer les flux de contrebande, modifier les routes migratoires ou fragiliser des communaut\u00e9s interm\u00e9diaires. La planification strat\u00e9gique doit int\u00e9grer ces effets indirects pour \u00e9viter de cr\u00e9er de nouvelles vuln\u00e9rabilit\u00e9s.<\/p>\n<h2>Pour les organisations et entreprises expos\u00e9es<\/h2>\n<p>Pour les acteurs \u00e9conomiques, ONG et institutions pr\u00e9sentes en Afrique de l\u2019Ouest, la question offensive\/d\u00e9fense se traduit par des arbitrages de gestion des risques.<\/p>\n<p>Une logique uniquement d\u00e9fensive (prot\u00e9ger ses sites, ses \u00e9quipes, ses donn\u00e9es) peut donner l\u2019illusion de s\u00e9curit\u00e9 tout en laissant de c\u00f4t\u00e9 la compr\u00e9hension des dynamiques locales, des acteurs arm\u00e9s, des tensions communautaires ou des risques politiques. \u00c0 l\u2019inverse, une posture trop offensive dans la gestion de l\u2019influence, des partenariats locaux ou des contentieux peut exposer \u00e0 des tensions sociales, des controverses m\u00e9diatiques ou des risques juridiques.<\/p>\n<p>Les approches les plus robustes tendent \u00e0&nbsp;:<\/p>\n<ul>\n<li>combiner protection physique et analyse fine du contexte politique, social et s\u00e9curitaire ;<\/li>\n<li>articuler dispositifs d\u00e9fensifs internes (proc\u00e9dures, conformit\u00e9, s\u00fbret\u00e9) avec une veille active sur les acteurs et les dynamiques locales ;<\/li>\n<li>\u00e9viter les postures trop visibles ou per\u00e7ues comme agressives, qui peuvent alimenter la d\u00e9fiance ou les narratifs hostiles.<\/li>\n<\/ul>\n<h2>Conclusion&nbsp;: sortir du faux dilemme<\/h2>\n<p>La question \u00ab&nbsp;faut-il privil\u00e9gier l\u2019offensive ou la d\u00e9fense&nbsp;?&nbsp;\u00bb est souvent pos\u00e9e en termes absolus, alors que la r\u00e9alit\u00e9 des conflits, du terrorisme et des risques en Afrique de l\u2019Ouest impose des r\u00e9ponses gradu\u00e9es, contextualis\u00e9es et \u00e9volutives. L\u2019offensive peut \u00eatre n\u00e9cessaire pour r\u00e9duire certaines menaces, mais n\u2019a de sens que si elle s\u2019inscrit dans une strat\u00e9gie plus large de stabilisation, de gouvernance et de reconstruction des liens entre institutions et populations. La d\u00e9fense est indispensable pour prot\u00e9ger, mais devient insuffisante si elle se limite \u00e0 contenir sans traiter les causes et les dynamiques de la violence.<\/p>\n<p>La cl\u00e9 r\u00e9side moins dans le choix entre attaque et protection que dans la capacit\u00e9 \u00e0 articuler intelligemment les deux, en tenant compte des contraintes politiques, sociales, juridiques et op\u00e9rationnelles propres \u00e0 chaque contexte ouest-africain.<\/p>\n","protected":false},"excerpt":{"rendered":"<p>Dans les d\u00e9bats strat\u00e9giques, la question revient r\u00e9guli\u00e8rement&nbsp;: vaut-il mieux privil\u00e9gier l\u2019offensive ou la d\u00e9fense&nbsp;? La formule est souvent pos\u00e9e de mani\u00e8re binaire, notamment dans les discussions sur la lutte contre le terrorisme, la protection des entreprises ou la s\u00e9curisation des territoires en Afrique de l\u2019Ouest. En r\u00e9alit\u00e9, l\u2019opposition frontale entre offensive et d\u00e9fense masque [&hellip;]<\/p>\n","protected":false},"author":1,"featured_media":0,"comment_status":"closed","ping_status":"closed","sticky":false,"template":"","format":"standard","meta":{"_acf_changed":false,"_seopress_robots_primary_cat":"","_seopress_titles_title":"Strat\u00e9gie militaire au Sahel : offensive ou d\u00e9fense ?","_seopress_titles_desc":"Faut-il privil\u00e9gier l'offensive ou la d\u00e9fense face aux groupes arm\u00e9s au Sahel ? D\u00e9cryptage strat\u00e9gique des options et de leurs cons\u00e9quences.","_seopress_robots_index":"","footnotes":""},"acteur":[108],"niveau":[114],"risque":[116],"thematique":[136],"zone":[],"class_list":{"0":"post-22439","1":"post","2":"type-post","3":"status-publish","4":"format-standard","6":"acteur-forces-armees-et-securite","7":"niveau-niveau-analytique","8":"risque-risques-politiques","9":"thematique-gouvernance-et-transitions-politiques"},"acf":[],"_links":{"self":[{"href":"https:\/\/sahel.watch\/en\/wp-json\/wp\/v2\/posts\/22439","targetHints":{"allow":["GET"]}}],"collection":[{"href":"https:\/\/sahel.watch\/en\/wp-json\/wp\/v2\/posts"}],"about":[{"href":"https:\/\/sahel.watch\/en\/wp-json\/wp\/v2\/types\/post"}],"author":[{"embeddable":true,"href":"https:\/\/sahel.watch\/en\/wp-json\/wp\/v2\/users\/1"}],"replies":[{"embeddable":true,"href":"https:\/\/sahel.watch\/en\/wp-json\/wp\/v2\/comments?post=22439"}],"version-history":[{"count":1,"href":"https:\/\/sahel.watch\/en\/wp-json\/wp\/v2\/posts\/22439\/revisions"}],"predecessor-version":[{"id":22444,"href":"https:\/\/sahel.watch\/en\/wp-json\/wp\/v2\/posts\/22439\/revisions\/22444"}],"wp:attachment":[{"href":"https:\/\/sahel.watch\/en\/wp-json\/wp\/v2\/media?parent=22439"}],"wp:term":[{"taxonomy":"acteur","embeddable":true,"href":"https:\/\/sahel.watch\/en\/wp-json\/wp\/v2\/acteur?post=22439"},{"taxonomy":"niveau","embeddable":true,"href":"https:\/\/sahel.watch\/en\/wp-json\/wp\/v2\/niveau?post=22439"},{"taxonomy":"risque","embeddable":true,"href":"https:\/\/sahel.watch\/en\/wp-json\/wp\/v2\/risque?post=22439"},{"taxonomy":"thematique","embeddable":true,"href":"https:\/\/sahel.watch\/en\/wp-json\/wp\/v2\/thematique?post=22439"},{"taxonomy":"zone","embeddable":true,"href":"https:\/\/sahel.watch\/en\/wp-json\/wp\/v2\/zone?post=22439"}],"curies":[{"name":"wp","href":"https:\/\/api.w.org\/{rel}","templated":true}]}}