{"id":22426,"date":"2025-09-22T16:40:41","date_gmt":"2025-09-22T16:40:41","guid":{"rendered":"https:\/\/sahel.watch\/quelle-est-la-capacite-reelle-des-armees-saheliennes\/"},"modified":"2026-03-22T18:08:46","modified_gmt":"2026-03-22T18:08:46","slug":"quelle-est-la-capacite-reelle-des-armees-saheliennes","status":"publish","type":"post","link":"https:\/\/sahel.watch\/en\/quelle-est-la-capacite-reelle-des-armees-saheliennes\/","title":{"rendered":"Quelle est la capacit\u00e9 r\u00e9elle des arm\u00e9es sah\u00e9liennes ?"},"content":{"rendered":"<p>\nLes arm\u00e9es sah\u00e9liennes \u2013 principalement celles du Mali, du Burkina Faso, du Niger, mais aussi du Tchad et de la Mauritanie \u2013 sont au c\u0153ur des d\u00e9bats sur la s\u00e9curit\u00e9 r\u00e9gionale. Elles sont \u00e0 la fois pr\u00e9sent\u00e9es comme \u00ab premi\u00e8res lignes \u00bb contre les groupes jihadistes et critiqu\u00e9es pour leurs faiblesses structurelles, leurs violations des droits humains et leur d\u00e9pendance aux soutiens ext\u00e9rieurs. \u00c9valuer leur capacit\u00e9 r\u00e9elle implique de d\u00e9passer les discours politiques pour examiner de mani\u00e8re d\u00e9taill\u00e9e leurs ressources humaines, mat\u00e9rielles, organisationnelles et politiques.\n<\/p>\n<h2>Comprendre la \u00ab capacit\u00e9 \u00bb militaire : bien plus que le nombre de soldats<\/h2>\n<p>\nLa capacit\u00e9 r\u00e9elle d\u2019une arm\u00e9e ne se r\u00e9duit ni \u00e0 la taille de ses effectifs ni \u00e0 l\u2019inventaire de ses armes. Les travaux de recherche sur les forces arm\u00e9es africaines soulignent quatre dimensions essentielles :\n<\/p>\n<ul>\n<li><strong>Capacit\u00e9 op\u00e9rationnelle<\/strong> : aptitude \u00e0 planifier, conduire et soutenir des op\u00e9rations dans la dur\u00e9e (logistique, renseignement, coordination interarmes).<\/li>\n<li><strong>Capacit\u00e9 institutionnelle<\/strong> : organisation, cha\u00eene de commandement, gestion des ressources humaines, discipline, formation.<\/li>\n<li><strong>Capacit\u00e9 politique<\/strong> : relation avec le pouvoir civil, coh\u00e9sion interne, degr\u00e9 de politisation ou de factionnalisation.<\/li>\n<li><strong>Capacit\u00e9 soci\u00e9tale<\/strong> : relation avec les populations, perception de l\u00e9gitimit\u00e9, respect des droits humains, capacit\u00e9 \u00e0 coop\u00e9rer avec les acteurs locaux.<\/li>\n<\/ul>\n<p>\nAu Sahel, ces quatre dimensions sont profond\u00e9ment marqu\u00e9es par l\u2019h\u00e9ritage des \u00c9tats postcoloniaux, les r\u00e9bellions arm\u00e9es r\u00e9currentes, les coups d\u2019\u00c9tat et la d\u00e9pendance aux partenaires internationaux (France, Union europ\u00e9enne, Russie, pays du Golfe, etc.).\n<\/p>\n<h2>Effectifs, recrutement et formation : des arm\u00e9es en expansion rapide mais fragile<\/h2>\n<p>\nDepuis le tournant des ann\u00e9es 2010, les arm\u00e9es sah\u00e9liennes ont connu une augmentation significative de leurs effectifs, sous la pression de la mont\u00e9e des insurrections jihadistes et des violences communautaires. Cette expansion rapide pr\u00e9sente plusieurs caract\u00e9ristiques :\n<\/p>\n<ul>\n<li><strong>Recrutements massifs et acc\u00e9l\u00e9r\u00e9s<\/strong> : pour le Mali, le Burkina Faso et le Niger, l\u2019augmentation des effectifs a souvent pr\u00e9c\u00e9d\u00e9 la mise \u00e0 niveau des capacit\u00e9s de formation, de commandement et de soutien, ce qui limite la qualit\u00e9 op\u00e9rationnelle des nouvelles unit\u00e9s.<\/li>\n<li><strong>Formation h\u00e9t\u00e9rog\u00e8ne<\/strong> : une minorit\u00e9 de soldats b\u00e9n\u00e9ficie de formations structur\u00e9es (programmes europ\u00e9ens, coop\u00e9ration bilat\u00e9rale, \u00e9coles r\u00e9gionales), tandis qu\u2019une large partie re\u00e7oit un entra\u00eenement abr\u00e9g\u00e9, parfois centr\u00e9 sur les techniques de combat au d\u00e9triment de la discipline, du droit des conflits arm\u00e9s et des comp\u00e9tences logistiques.<\/li>\n<li><strong>Fort turnover et usure<\/strong> : la pression op\u00e9rationnelle, les pertes au combat et les conditions de vie difficiles entra\u00eenent une rotation rapide des personnels et une fatigue institutionnelle, qui affectent la coh\u00e9sion et l\u2019exp\u00e9rience accumul\u00e9e.<\/li>\n<\/ul>\n<p>\nCette dynamique cr\u00e9e un paradoxe : les arm\u00e9es sah\u00e9liennes sont plus nombreuses sur le papier, mais la proportion de soldats r\u00e9ellement aptes \u00e0 conduire des op\u00e9rations complexes et coordonn\u00e9es reste limit\u00e9e.\n<\/p>\n<h2>\u00c9quipement, logistique et d\u00e9pendances ext\u00e9rieures<\/h2>\n<p>\nLes arm\u00e9es sah\u00e9liennes se sont progressivement dot\u00e9es de mat\u00e9riels plus modernes : v\u00e9hicules blind\u00e9s, drones de surveillance, armement l\u00e9ger r\u00e9cent, moyens de communication am\u00e9lior\u00e9s. Toutefois, plusieurs limites structurantes persistent :\n<\/p>\n<ul>\n<li><strong>Logistique fragile<\/strong> : la capacit\u00e9 \u00e0 ravitailler durablement des unit\u00e9s d\u00e9ploy\u00e9es dans des zones \u00e9loign\u00e9es reste un point faible majeur. Les routes d\u00e9grad\u00e9es, l\u2019ins\u00e9curit\u00e9 et le manque de moyens de transport r\u00e9duisent la mobilit\u00e9 r\u00e9elle des forces.<\/li>\n<li><strong>D\u00e9pendance au soutien ext\u00e9rieur<\/strong> : renseignement, appui a\u00e9rien, maintenance des \u00e9quipements complexes et formation sp\u00e9cialis\u00e9e reposent largement sur des partenaires \u00e9trangers. Cette d\u00e9pendance limite l\u2019autonomie strat\u00e9gique et rend les arm\u00e9es vuln\u00e9rables aux changements de posture de ces partenaires.<\/li>\n<li><strong>Standardisation incompl\u00e8te<\/strong> : la coexistence de mat\u00e9riels d\u2019origines diverses (occidentale, russe, asiatique) complique la maintenance, l\u2019approvisionnement en pi\u00e8ces d\u00e9tach\u00e9es et la formation technique.<\/li>\n<\/ul>\n<p>\nSur le terrain, ces contraintes se traduisent par une capacit\u00e9 r\u00e9elle souvent concentr\u00e9e autour de quelques unit\u00e9s mieux \u00e9quip\u00e9es, tandis que de nombreuses garnisons restent peu mobiles, avec un rayon d\u2019action r\u00e9duit et une faible capacit\u00e9 de r\u00e9action rapide.\n<\/p>\n<h2>Cha\u00eene de commandement, discipline et coh\u00e9sion interne<\/h2>\n<p>\nLa qualit\u00e9 de la cha\u00eene de commandement et de la gouvernance interne des forces arm\u00e9es est un d\u00e9terminant central de leur efficacit\u00e9. Dans les arm\u00e9es sah\u00e9liennes, plusieurs traits r\u00e9currents apparaissent dans les analyses sp\u00e9cialis\u00e9es :\n<\/p>\n<ul>\n<li><strong>Centralisation et personnalisation<\/strong> : la prise de d\u00e9cision est souvent tr\u00e8s centralis\u00e9e, avec une forte influence des \u00e9tats-majors et du pouvoir politique, ce qui ralentit parfois la r\u00e9action sur le terrain et peut favoriser des logiques de loyaut\u00e9 personnelle.<\/li>\n<li><strong>In\u00e9galit\u00e9s internes<\/strong> : certaines unit\u00e9s d\u2019\u00e9lite ou proches du pouvoir b\u00e9n\u00e9ficient de ressources, de primes et d\u2019\u00e9quipements nettement sup\u00e9rieurs, ce qui peut susciter des tensions internes et une perception de favoritisme.<\/li>\n<li><strong>Probl\u00e8mes de discipline et de contr\u00f4le<\/strong> : des rapports d\u2019ONG et d\u2019organisations internationales documentent des exactions contre les civils lors d\u2019op\u00e9rations antiterroristes. Ces pratiques, en plus de leurs implications humaines et juridiques, refl\u00e8tent des difficult\u00e9s de contr\u00f4le effectif des troupes et fragilisent la l\u00e9gitimit\u00e9 des arm\u00e9es.<\/li>\n<\/ul>\n<p>\nLes coups d\u2019\u00c9tat r\u00e9cents au Mali, au Burkina Faso et au Niger illustrent aussi le r\u00f4le politique central des forces arm\u00e9es, mais ne signifient pas n\u00e9cessairement une capacit\u00e9 op\u00e9rationnelle accrue. Une arm\u00e9e capable de renverser un gouvernement n\u2019est pas automatiquement une arm\u00e9e capable de stabiliser durablement un territoire face \u00e0 des insurrections diffuses.\n<\/p>\n<h2>Relation avec les populations et l\u00e9gitimit\u00e9 locale<\/h2>\n<p>\nDans les conflits asym\u00e9triques du Sahel, la relation entre forces arm\u00e9es et populations est un param\u00e8tre d\u00e9cisif. La capacit\u00e9 des arm\u00e9es \u00e0 obtenir des informations, \u00e0 coop\u00e9rer avec les communaut\u00e9s locales et \u00e0 se pr\u00e9senter comme protectrices plut\u00f4t que comme menace conditionne largement leur efficacit\u00e9.\n<\/p>\n<p>\nLes \u00e9tudes de terrain montrent des situations contrast\u00e9es :\n<\/p>\n<ul>\n<li><strong>Zones de confiance relative<\/strong> : dans certaines r\u00e9gions, les forces arm\u00e9es sont per\u00e7ues comme un rempart face aux groupes arm\u00e9s, notamment lorsque des officiers entretiennent un dialogue r\u00e9gulier avec les autorit\u00e9s locales et les chefs communautaires.<\/li>\n<li><strong>Zones de d\u00e9fiance aigu\u00eb<\/strong> : dans d\u2019autres, les populations d\u00e9noncent des abus, des arrestations arbitraires ou des violences, ce qui r\u00e9duit la coop\u00e9ration, favorise la dissimulation de combattants et peut m\u00eame pousser certains jeunes vers les groupes arm\u00e9s.<\/li>\n<li><strong>Multiplication des acteurs arm\u00e9s<\/strong> : l\u2019appui, voire l\u2019int\u00e9gration, de groupes d\u2019auto-d\u00e9fense ou de milices communautaires complexifie encore cette relation, en brouillant la fronti\u00e8re entre forces r\u00e9guli\u00e8res et acteurs arm\u00e9s non \u00e9tatiques.<\/li>\n<\/ul>\n<p>\nLa capacit\u00e9 r\u00e9elle des arm\u00e9es sah\u00e9liennes doit donc \u00eatre appr\u00e9ci\u00e9e aussi \u00e0 l\u2019aune de cette dimension sociopolitique : une arm\u00e9e qui perd la confiance d\u2019une partie de la population voit sa marge de man\u0153uvre op\u00e9rationnelle fortement r\u00e9duite.\n<\/p>\n<h2>R\u00e9formes, nouvelles alliances et recomposition des capacit\u00e9s<\/h2>\n<p>\nLes derni\u00e8res ann\u00e9es ont \u00e9t\u00e9 marqu\u00e9es par une recomposition rapide des partenariats s\u00e9curitaires : retrait progressif de certaines forces internationales, renforcement de coop\u00e9rations alternatives, mont\u00e9e en puissance de nouveaux acteurs. Ces \u00e9volutions ont plusieurs cons\u00e9quences sur la capacit\u00e9 des arm\u00e9es sah\u00e9liennes :\n<\/p>\n<ul>\n<li><strong>Recentrage national<\/strong> : la fin ou la r\u00e9duction de certaines op\u00e9rations internationales a pouss\u00e9 les \u00c9tats sah\u00e9liens \u00e0 revendiquer une plus grande autonomie, avec des efforts pour renforcer leurs unit\u00e9s de combat, d\u00e9velopper leurs propres capacit\u00e9s a\u00e9riennes et diversifier leurs fournisseurs d\u2019armement.<\/li>\n<li><strong>R\u00e9formes institutionnelles partielles<\/strong> : certains pays ont lanc\u00e9 des r\u00e9organisations de commandement, des r\u00e9visions de doctrines ou des programmes de formation renforc\u00e9e, mais la mise en \u0153uvre reste in\u00e9gale et souvent contrainte par les urgences s\u00e9curitaires.<\/li>\n<li><strong>Risques de fragmentation<\/strong> : la coexistence de forces r\u00e9guli\u00e8res, de milices alli\u00e9es, de soci\u00e9t\u00e9s militaires priv\u00e9es et de structures de s\u00e9curit\u00e9 parall\u00e8les peut accro\u00eetre la confusion et compliquer la coordination strat\u00e9gique.<\/li>\n<\/ul>\n<p>\nCes dynamiques ouvrent des marges de progression, mais elles n\u2019effacent pas les contraintes structurelles li\u00e9es \u00e0 la faiblesse des finances publiques, \u00e0 la fragilit\u00e9 des institutions et \u00e0 l\u2019\u00e9tendue des territoires \u00e0 s\u00e9curiser.\n<\/p>\n<h2>Capacit\u00e9 r\u00e9elle : une force de \u00ab tenue \u00bb plus que de transformation<\/h2>\n<p>\nEn synth\u00e8se, la capacit\u00e9 r\u00e9elle des arm\u00e9es sah\u00e9liennes se caract\u00e9rise par plusieurs traits :\n<\/p>\n<ul>\n<li><strong>Capacit\u00e9 de r\u00e9sistance limit\u00e9e mais r\u00e9elle<\/strong> : elles sont capables de tenir des centres urbains, des axes routiers majeurs et certaines zones strat\u00e9giques, et de conduire ponctuellement des op\u00e9rations offensives.<\/li>\n<li><strong>Difficult\u00e9 \u00e0 contr\u00f4ler durablement les espaces ruraux<\/strong> : la faible densit\u00e9 de troupes, les contraintes logistiques et la mobilit\u00e9 des groupes arm\u00e9s limitent leur capacit\u00e9 \u00e0 stabiliser les zones rurales \u00e9loign\u00e9es.<\/li>\n<li><strong>Fortes asym\u00e9tries internes<\/strong> : quelques unit\u00e9s mieux form\u00e9es et \u00e9quip\u00e9es concentrent une grande partie de la capacit\u00e9 op\u00e9rationnelle, tandis que d\u2019autres restent sous-encadr\u00e9es et faiblement projetables.<\/li>\n<li><strong>Capacit\u00e9 de transformation limit\u00e9e<\/strong> : les arm\u00e9es peuvent contenir certaines menaces, mais peinent \u00e0 modifier durablement les dynamiques de conflit sans r\u00e9formes politiques, \u00e9conomiques et sociales plus larges.<\/li>\n<\/ul>\n<p>\nPour les acteurs publics, priv\u00e9s et internationaux, l\u2019enjeu consiste \u00e0 appr\u00e9hender ces arm\u00e9es non comme des leviers uniques de stabilisation, mais comme des acteurs parmi d\u2019autres dans des configurations complexes, o\u00f9 les r\u00e9ponses strictement militaires ne suffisent pas \u00e0 elles seules \u00e0 inverser les tendances de violence et de fragmentation au Sahel.<\/p>\n","protected":false},"excerpt":{"rendered":"<p>Les arm\u00e9es sah\u00e9liennes \u2013 principalement celles du Mali, du Burkina Faso, du Niger, mais aussi du Tchad et de la Mauritanie \u2013 sont au c\u0153ur des d\u00e9bats sur la s\u00e9curit\u00e9 r\u00e9gionale. Elles sont \u00e0 la fois pr\u00e9sent\u00e9es comme \u00ab premi\u00e8res lignes \u00bb contre les groupes jihadistes et critiqu\u00e9es pour leurs faiblesses structurelles, leurs violations des [&hellip;]<\/p>\n","protected":false},"author":1,"featured_media":0,"comment_status":"closed","ping_status":"closed","sticky":false,"template":"","format":"standard","meta":{"_acf_changed":false,"_seopress_robots_primary_cat":"","_seopress_titles_title":"Capacit\u00e9s des arm\u00e9es sah\u00e9liennes : forces et faiblesses","_seopress_titles_desc":"Les arm\u00e9es du Mali, Burkina Faso et Niger peuvent-elles vaincre le terrorisme ? \u00c9tat des forces, \u00e9quipements et d\u00e9fis op\u00e9rationnels.","_seopress_robots_index":"","footnotes":""},"acteur":[108],"niveau":[114],"risque":[116],"thematique":[136],"zone":[127,125,128],"class_list":{"0":"post-22426","1":"post","2":"type-post","3":"status-publish","4":"format-standard","6":"acteur-forces-armees-et-securite","7":"niveau-niveau-analytique","8":"risque-risques-politiques","9":"thematique-gouvernance-et-transitions-politiques","10":"zone-burkina-faso","11":"zone-mauritanie","12":"zone-niger"},"acf":[],"_links":{"self":[{"href":"https:\/\/sahel.watch\/en\/wp-json\/wp\/v2\/posts\/22426","targetHints":{"allow":["GET"]}}],"collection":[{"href":"https:\/\/sahel.watch\/en\/wp-json\/wp\/v2\/posts"}],"about":[{"href":"https:\/\/sahel.watch\/en\/wp-json\/wp\/v2\/types\/post"}],"author":[{"embeddable":true,"href":"https:\/\/sahel.watch\/en\/wp-json\/wp\/v2\/users\/1"}],"replies":[{"embeddable":true,"href":"https:\/\/sahel.watch\/en\/wp-json\/wp\/v2\/comments?post=22426"}],"version-history":[{"count":1,"href":"https:\/\/sahel.watch\/en\/wp-json\/wp\/v2\/posts\/22426\/revisions"}],"predecessor-version":[{"id":22435,"href":"https:\/\/sahel.watch\/en\/wp-json\/wp\/v2\/posts\/22426\/revisions\/22435"}],"wp:attachment":[{"href":"https:\/\/sahel.watch\/en\/wp-json\/wp\/v2\/media?parent=22426"}],"wp:term":[{"taxonomy":"acteur","embeddable":true,"href":"https:\/\/sahel.watch\/en\/wp-json\/wp\/v2\/acteur?post=22426"},{"taxonomy":"niveau","embeddable":true,"href":"https:\/\/sahel.watch\/en\/wp-json\/wp\/v2\/niveau?post=22426"},{"taxonomy":"risque","embeddable":true,"href":"https:\/\/sahel.watch\/en\/wp-json\/wp\/v2\/risque?post=22426"},{"taxonomy":"thematique","embeddable":true,"href":"https:\/\/sahel.watch\/en\/wp-json\/wp\/v2\/thematique?post=22426"},{"taxonomy":"zone","embeddable":true,"href":"https:\/\/sahel.watch\/en\/wp-json\/wp\/v2\/zone?post=22426"}],"curies":[{"name":"wp","href":"https:\/\/api.w.org\/{rel}","templated":true}]}}