{"id":22416,"date":"2025-09-01T11:02:32","date_gmt":"2025-09-01T11:02:32","guid":{"rendered":"https:\/\/sahel.watch\/les-crises-economiques-alimentent-elles-la-menace-terroriste\/"},"modified":"2026-03-22T18:06:46","modified_gmt":"2026-03-22T18:06:46","slug":"les-crises-economiques-alimentent-elles-la-menace-terroriste","status":"publish","type":"post","link":"https:\/\/sahel.watch\/en\/les-crises-economiques-alimentent-elles-la-menace-terroriste\/","title":{"rendered":"Les crises \u00e9conomiques alimentent-elles la menace terroriste ?"},"content":{"rendered":"<p><h2>Comprendre la question : un lien souvent affirm\u00e9, rarement expliqu\u00e9<\/h2>\n<\/p>\n<p>\nL\u2019id\u00e9e selon laquelle \u00ab la pauvret\u00e9 cr\u00e9e le terrorisme \u00bb est largement r\u00e9pandue. Elle est pourtant trop simplificatrice pour d\u00e9crire les dynamiques d\u2019extr\u00e9misme violent, en particulier en Afrique de l\u2019Ouest. Les crises \u00e9conomiques jouent bien un r\u00f4le, mais de mani\u00e8re indirecte, en interaction avec des facteurs politiques, sociaux et s\u00e9curitaires.\n<\/p>\n<p>\nLes recherches acad\u00e9miques (notamment celles synth\u00e9tis\u00e9es par la Banque mondiale, l\u2019ONU, l\u2019OCDE et plusieurs think tanks sp\u00e9cialis\u00e9s comme l\u2019International Crisis Group, ISS Africa ou ACLED) convergent sur un point : il n\u2019existe pas de relation m\u00e9canique entre niveau de pauvret\u00e9 et terrorisme. En revanche, certaines formes de crise \u00e9conomique, combin\u00e9es \u00e0 des fragilit\u00e9s politiques et institutionnelles, peuvent cr\u00e9er un environnement favorable \u00e0 l\u2019implantation de groupes arm\u00e9s et jihadistes.\n<\/p>\n<p><h2>Crise \u00e9conomique, pauvret\u00e9, in\u00e9galit\u00e9s : distinguer les notions<\/h2>\n<\/p>\n<p>\nUne crise \u00e9conomique ne se r\u00e9sume pas \u00e0 \u00ab plus de pauvres \u00bb. Elle renvoie \u00e0 des chocs qui d\u00e9sorganisent des \u00e9conomies d\u00e9j\u00e0 fragiles :\n<\/p>\n<ul>\n<li>hausse brutale des prix (alimentation, carburant, intrants agricoles) ;<\/li>\n<li>chute des revenus (baisse des exportations, fermeture d\u2019entreprises, perte d\u2019emplois) ;<\/li>\n<li>r\u00e9duction des d\u00e9penses publiques (sant\u00e9, \u00e9ducation, subventions, programmes sociaux) ;<\/li>\n<li>d\u00e9gradation des services de base (eau, \u00e9lectricit\u00e9, infrastructures).<\/li>\n<\/ul>\n<p>\nEn Afrique de l\u2019Ouest, ces chocs se combinent souvent \u00e0 :\n<\/p>\n<ul>\n<li>une d\u00e9mographie tr\u00e8s dynamique, avec une forte proportion de jeunes en qu\u00eate d\u2019emploi ;<\/li>\n<li>une d\u00e9pendance importante \u00e0 quelques produits (coton, or, hydrocarbures, cacao, etc.) ;<\/li>\n<li>une forte pr\u00e9sence de l\u2019\u00e9conomie informelle et des activit\u00e9s de survie (petit commerce, transport, artisanat, migration saisonni\u00e8re).<\/li>\n<\/ul>\n<p>\nCe contexte ne produit pas automatiquement du terrorisme, mais il peut accentuer des frustrations, fragiliser les m\u00e9diations sociales et rendre plus attractifs certains discours radicaux ou certaines \u00e9conomies arm\u00e9es.\n<\/p>\n<p><h2>Ce que montrent les recherches sur le lien \u00e9conomie\u2013terrorisme<\/h2>\n<\/p>\n<p>\nLes travaux empiriques men\u00e9s au Sahel et en Afrique de l\u2019Ouest mettent en \u00e9vidence plusieurs \u00e9l\u00e9ments cl\u00e9s :\n<\/p>\n<ul>\n<li>\n    <strong>Pas de corr\u00e9lation simple entre pauvret\u00e9 et engagement terroriste<\/strong> : de nombreux membres de groupes jihadistes ou arm\u00e9s ne viennent pas des cat\u00e9gories les plus pauvres. Certains ont un niveau d\u2019\u00e9ducation secondaire ou sup\u00e9rieur. Les motivations sont souvent politiques, identitaires, s\u00e9curitaires ou li\u00e9es \u00e0 des injustices per\u00e7ues, autant qu\u2019\u00e9conomiques.\n  <\/li>\n<li>\n    <strong>La vuln\u00e9rabilit\u00e9 \u00e9conomique favorise certaines formes de recrutement<\/strong> : dans les zones rurales marginalis\u00e9es, des individus rejoignent des groupes arm\u00e9s pour acc\u00e9der \u00e0 une source de revenu, \u00e0 une protection ou \u00e0 des ressources (b\u00e9tail, terres, routes commerciales). L\u2019argument \u00e9conomique est alors un levier parmi d\u2019autres.\n  <\/li>\n<li>\n    <strong>Les in\u00e9galit\u00e9s et les injustices per\u00e7ues comptent souvent plus que la pauvret\u00e9 absolue<\/strong> : sentiment d\u2019abandon par l\u2019\u00c9tat, favoritisme r\u00e9gional ou communautaire, corruption, acc\u00e8s in\u00e9gal aux services publics ou aux opportunit\u00e9s \u00e9conomiques. Ces perceptions alimentent la d\u00e9fiance envers les institutions et renforcent la l\u00e9gitimit\u00e9 des groupes contestataires, y compris violents.\n  <\/li>\n<\/ul>\n<p>\nLes crises \u00e9conomiques agissent donc davantage comme un <em>acc\u00e9l\u00e9rateur<\/em> ou un <em>amplificateur<\/em> de tensions existantes que comme une cause unique de la menace terroriste.\n<\/p>\n<p><h2>Des m\u00e9canismes concrets : comment une crise \u00e9conomique nourrit la violence<\/h2>\n<\/p>\n<p>\nPlusieurs m\u00e9canismes r\u00e9currents apparaissent dans les \u00e9tudes de cas ouest-africaines, qu\u2019il s\u2019agisse du Sahel ou des zones c\u00f4ti\u00e8res expos\u00e9es aux risques d\u2019extension des violences.\n<\/p>\n<p><h3>Affaiblissement de la pr\u00e9sence de l\u2019\u00c9tat et des services publics<\/h3>\n<\/p>\n<p>\nEn p\u00e9riode de crise, les \u00c9tats disposent de marges budg\u00e9taires limit\u00e9es. Les d\u00e9penses sociales et les investissements dans les services de base sont souvent r\u00e9duits ou report\u00e9s. Dans les zones d\u00e9j\u00e0 p\u00e9riph\u00e9riques (r\u00e9gions frontali\u00e8res, espaces ruraux isol\u00e9s), cela se traduit par :\n<\/p>\n<ul>\n<li>des \u00e9coles ferm\u00e9es ou sous-dot\u00e9es ;<\/li>\n<li>des centres de sant\u00e9 peu fonctionnels ;<\/li>\n<li>des infrastructures routi\u00e8res ou hydrauliques d\u00e9grad\u00e9es.<\/li>\n<\/ul>\n<p>\nLes groupes arm\u00e9s exploitent ces faiblesses pour se pr\u00e9senter comme des fournisseurs alternatifs de services ou d\u2019\u00ab ordre \u00bb : r\u00e8glement de conflits locaux, justice rapide, taxation \u00ab organis\u00e9e \u00bb des \u00e9changes, parfois soutien ponctuel \u00e0 certaines communaut\u00e9s. Cette capacit\u00e9 \u00e0 combler un vide de gouvernance renforce leur implantation.\n<\/p>\n<p><h3>Fragilisation des \u00e9conomies locales et basculement vers des \u00e9conomies arm\u00e9es<\/h3>\n<\/p>\n<p>\nLorsque les circuits \u00e9conomiques formels se contractent (chute du tourisme, fermeture de sites industriels, perturbation des cha\u00eenes d\u2019approvisionnement), les populations se tournent davantage vers :\n<\/p>\n<ul>\n<li>des activit\u00e9s informelles \u00e0 plus haut risque (contrebandes, trafics, orpaillage artisanal) ;<\/li>\n<li>des migrations internes ou transfrontali\u00e8res ;<\/li>\n<li>des arrangements \u00e9conomiques avec des acteurs arm\u00e9s contr\u00f4lant des routes ou des ressources.<\/li>\n<\/ul>\n<p>\nDe nombreux groupes jihadistes ou milices locales tirent parti de ces flux : pr\u00e9l\u00e8vement de taxes, contr\u00f4le de march\u00e9s, s\u00e9curisation de convois, participation \u00e0 l\u2019orpaillage ou \u00e0 la contrebande de carburant, de b\u00e9tail ou de produits agricoles. La crise \u00e9conomique renforce ainsi l\u2019attractivit\u00e9 et la rentabilit\u00e9 de ces \u00ab \u00e9conomies de guerre \u00bb.\n<\/p>\n<p><h3>Jeunesse, ch\u00f4mage et qu\u00eate de statut<\/h3>\n<\/p>\n<p>\nEn Afrique de l\u2019Ouest, la jeunesse repr\u00e9sente une part majoritaire de la population. Les crises \u00e9conomiques limitent encore davantage l\u2019acc\u00e8s \u00e0 l\u2019emploi, \u00e0 la terre et aux opportunit\u00e9s de mobilit\u00e9 sociale. Ce contexte nourrit :\n<\/p>\n<ul>\n<li>un sentiment de blocage des trajectoires individuelles ;<\/li>\n<li>une frustration envers les \u00e9lites \u00e9conomiques et politiques ;<\/li>\n<li>une recherche de reconnaissance, de statut et de sens.<\/li>\n<\/ul>\n<p>\nLes groupes extr\u00e9mistes violents proposent parfois une forme de \u00ab carri\u00e8re \u00bb : un revenu, un r\u00f4le, une appartenance, une identit\u00e9 valoris\u00e9e. Les motivations religieuses ou id\u00e9ologiques se combinent alors \u00e0 des attentes de dignit\u00e9, de protection et de reconnaissance sociale.\n<\/p>\n<p><h3>Tensions communautaires et gestion des ressources<\/h3>\n<\/p>\n<p>\nLes crises \u00e9conomiques se superposent souvent \u00e0 des crises environnementales (variabilit\u00e9 climatique, d\u00e9gradation des terres, pression sur les ressources naturelles). Dans les zones de pastoralisme, d\u2019agriculture pluviale ou d\u2019orpaillage artisanal, la comp\u00e9tition pour l\u2019acc\u00e8s \u00e0 la terre, \u00e0 l\u2019eau ou aux sites miniers s\u2019intensifie.\n<\/p>\n<p>\nLorsque les m\u00e9canismes traditionnels de r\u00e9gulation (chefferies, autorit\u00e9s coutumi\u00e8res, m\u00e9diations locales) sont affaiblis ou contest\u00e9s, les conflits locaux peuvent d\u00e9g\u00e9n\u00e9rer. Des groupes arm\u00e9s, jihadistes ou non, s\u2019ins\u00e8rent alors dans ces tensions pour :\n<\/p>\n<ul>\n<li>se poser en protecteurs d\u2019une communaut\u00e9 ;<\/li>\n<li>instrumentaliser des griefs locaux ;<\/li>\n<li>recruter des combattants en s\u2019appuyant sur des ressentiments pr\u00e9existants.<\/li>\n<\/ul>\n<p>\nLa crise \u00e9conomique agit ici comme un multiplicateur de conflits locaux, qui peuvent ensuite \u00eatre int\u00e9gr\u00e9s dans des dynamiques d\u2019extr\u00e9misme violent \u00e0 plus grande \u00e9chelle.\n<\/p>\n<p><h2>Le r\u00f4le des politiques publiques et de la gouvernance<\/h2>\n<\/p>\n<p>\nLa mani\u00e8re dont une crise \u00e9conomique est g\u00e9r\u00e9e compte autant que la crise elle-m\u00eame. Plusieurs \u00e9l\u00e9ments ressortent des analyses r\u00e9gionales :\n<\/p>\n<ul>\n<li>\n    <strong>Perception d\u2019injustice dans la r\u00e9partition des efforts<\/strong> : lorsque les populations ont le sentiment que les sacrifices sont demand\u00e9s aux m\u00eames segments (ruraux, jeunes, r\u00e9gions p\u00e9riph\u00e9riques) tandis que certains groupes proches du pouvoir sont \u00e9pargn\u00e9s, la d\u00e9fiance augmente.\n  <\/li>\n<li>\n    <strong>Corruption et client\u00e9lisme<\/strong> : si les programmes de soutien \u00e9conomique (subventions, filets sociaux, projets de d\u00e9veloppement) sont per\u00e7us comme capt\u00e9s par des r\u00e9seaux politiques ou locaux, ils peuvent accentuer les frustrations au lieu de les apaiser.\n  <\/li>\n<li>\n    <strong>R\u00e9ponses s\u00e9curitaires d\u00e9connect\u00e9es du v\u00e9cu \u00e9conomique<\/strong> : des op\u00e9rations militaires men\u00e9es sans prise en compte des r\u00e9alit\u00e9s \u00e9conomiques (saisies de b\u00e9tail, restrictions de march\u00e9s, blocages de routes commerciales) peuvent d\u00e9grader davantage les moyens de subsistance et alimenter le ressentiment.\n  <\/li>\n<\/ul>\n<p>\nDans ces conditions, la crise \u00e9conomique se transforme en crise de l\u00e9gitimit\u00e9 de l\u2019\u00c9tat, ce qui profite aux acteurs arm\u00e9s qui se positionnent comme alternatives, protecteurs ou vengeurs.\n<\/p>\n<p><h2>Id\u00e9es re\u00e7ues et nuances n\u00e9cessaires<\/h2>\n<\/p>\n<p>\nPlusieurs id\u00e9es re\u00e7ues m\u00e9ritent d\u2019\u00eatre nuanc\u00e9es pour mieux comprendre le lien entre crises \u00e9conomiques et menace terroriste.\n<\/p>\n<ul>\n<li>\n    <strong>\u00ab La pauvret\u00e9 cr\u00e9e le terrorisme \u00bb<\/strong> : les donn\u00e9es disponibles ne confirment pas cette affirmation. La pauvret\u00e9 peut augmenter la vuln\u00e9rabilit\u00e9 au recrutement, mais l\u2019engagement dans des groupes extr\u00e9mistes r\u00e9sulte d\u2019une combinaison de facteurs : politiques, s\u00e9curitaires, identitaires, religieux, \u00e9conomiques.\n  <\/li>\n<li>\n    <strong>\u00ab Il suffit d\u2019investir \u00e9conomiquement pour faire reculer le terrorisme \u00bb<\/strong> : les programmes de d\u00e9veloppement ou d\u2019emploi, s\u2019ils ne sont pas accompagn\u00e9s d\u2019am\u00e9liorations en mati\u00e8re de gouvernance, de justice, de s\u00e9curit\u00e9 et de participation politique, ont un impact limit\u00e9 sur les dynamiques d\u2019extr\u00e9misme violent.\n  <\/li>\n<li>\n    <strong>\u00ab Les terroristes sont des exclus sans perspectives \u00bb<\/strong> : les profils sont vari\u00e9s. Certains rejoignent des groupes arm\u00e9s pour des raisons d\u2019id\u00e9ologie, de loyaut\u00e9 communautaire ou de vengeance, d\u2019autres pour des motivations \u00e9conomiques ou de protection, souvent dans un environnement de crise multidimensionnelle.\n  <\/li>\n<\/ul>\n<p><h2>Pour les acteurs expos\u00e9s : quels enseignements strat\u00e9giques ?<\/h2>\n<\/p>\n<p>\nPour les \u00c9tats, organisations internationales, ONG et entreprises op\u00e9rant en Afrique de l\u2019Ouest, plusieurs enseignements se d\u00e9gagent :\n<\/p>\n<ul>\n<li>\n    <strong>Les crises \u00e9conomiques sont des moments de bascule<\/strong> : elles peuvent renforcer soit la confiance, soit la d\u00e9fiance envers les institutions, selon la mani\u00e8re dont les mesures d\u2019ajustement et de soutien sont con\u00e7ues, cibl\u00e9es et per\u00e7ues.\n  <\/li>\n<li>\n    <strong>Les politiques \u00e9conomiques ne sont jamais neutres en mati\u00e8re de s\u00e9curit\u00e9<\/strong> : subventions, r\u00e9formes fiscales, priorit\u00e9s budg\u00e9taires, gestion des ressources naturelles et des terres ont des effets directs sur les \u00e9quilibres locaux et les rapports de force entre groupes.\n  <\/li>\n<li>\n    <strong>Les r\u00e9ponses \u00e0 l\u2019extr\u00e9misme violent doivent int\u00e9grer la dimension \u00e9conomique, sans s\u2019y limiter<\/strong> : r\u00e9duction des vuln\u00e9rabilit\u00e9s \u00e9conomiques, soutien aux activit\u00e9s l\u00e9gales, protection des cha\u00eenes de valeur locales, mais aussi am\u00e9lioration de la gouvernance, de la justice et des m\u00e9canismes de r\u00e9solution des conflits.\n  <\/li>\n<\/ul>\n<p><h2>Conclusion : un facteur parmi d\u2019autres, mais \u00e0 ne pas sous-estimer<\/h2>\n<\/p>\n<p>\nLes crises \u00e9conomiques n\u2019\u00ab expliquent \u00bb pas \u00e0 elles seules la menace terroriste en Afrique de l\u2019Ouest, mais elles contribuent \u00e0 fa\u00e7onner un environnement o\u00f9 les groupes extr\u00e9mistes violents peuvent se renforcer. Elles accentuent les frustrations, fragilisent les services publics, perturbent les \u00e9conomies locales et amplifient les tensions autour des ressources.\n<\/p>\n<p>\nLa cl\u00e9 de lecture la plus robuste consiste \u00e0 voir les crises \u00e9conomiques comme des multiplicateurs de risque au sein de syst\u00e8mes d\u00e9j\u00e0 fragiles : syst\u00e8mes politiques contest\u00e9s, institutions faibles, territoires marginalis\u00e9s, conflits locaux non r\u00e9solus. La compr\u00e9hension fine de ces interactions est essentielle pour concevoir des r\u00e9ponses de s\u00e9curit\u00e9 et de d\u00e9veloppement qui r\u00e9duisent r\u00e9ellement l\u2019espace de man\u0153uvre des groupes arm\u00e9s, sans se limiter \u00e0 une vision r\u00e9ductrice \u00ab pauvret\u00e9 = terrorisme \u00bb.<\/p>\n","protected":false},"excerpt":{"rendered":"<p>Comprendre la question : un lien souvent affirm\u00e9, rarement expliqu\u00e9 L\u2019id\u00e9e selon laquelle \u00ab la pauvret\u00e9 cr\u00e9e le terrorisme \u00bb est largement r\u00e9pandue. Elle est pourtant trop simplificatrice pour d\u00e9crire les dynamiques d\u2019extr\u00e9misme violent, en particulier en Afrique de l\u2019Ouest. Les crises \u00e9conomiques jouent bien un r\u00f4le, mais de mani\u00e8re indirecte, en interaction avec des [&hellip;]<\/p>\n","protected":false},"author":1,"featured_media":0,"comment_status":"closed","ping_status":"closed","sticky":false,"template":"","format":"standard","meta":{"_acf_changed":false,"_seopress_robots_primary_cat":"","_seopress_titles_title":"Crises \u00e9conomiques et terrorisme : un lien r\u00e9el au Sahel ?","_seopress_titles_desc":"La pauvret\u00e9 et les crises \u00e9conomiques nourrissent-elles vraiment la menace terroriste au Sahel ? D\u00e9cryptage des m\u00e9canismes et id\u00e9es re\u00e7ues.","_seopress_robots_index":"","footnotes":""},"acteur":[107,108,109],"niveau":[114],"risque":[116,117],"thematique":[135,139],"zone":[],"class_list":{"0":"post-22416","1":"post","2":"type-post","3":"status-publish","4":"format-standard","6":"acteur-etats-et-institutions-publiques","7":"acteur-forces-armees-et-securite","8":"acteur-groupes-armes-non-etatiques","9":"niveau-niveau-analytique","10":"risque-risques-politiques","11":"risque-risques-securitaires","12":"thematique-conflits-armes-et-terrorisme","13":"thematique-societe-jeunesse-et-radicalisation"},"acf":[],"_links":{"self":[{"href":"https:\/\/sahel.watch\/en\/wp-json\/wp\/v2\/posts\/22416","targetHints":{"allow":["GET"]}}],"collection":[{"href":"https:\/\/sahel.watch\/en\/wp-json\/wp\/v2\/posts"}],"about":[{"href":"https:\/\/sahel.watch\/en\/wp-json\/wp\/v2\/types\/post"}],"author":[{"embeddable":true,"href":"https:\/\/sahel.watch\/en\/wp-json\/wp\/v2\/users\/1"}],"replies":[{"embeddable":true,"href":"https:\/\/sahel.watch\/en\/wp-json\/wp\/v2\/comments?post=22416"}],"version-history":[{"count":1,"href":"https:\/\/sahel.watch\/en\/wp-json\/wp\/v2\/posts\/22416\/revisions"}],"predecessor-version":[{"id":22419,"href":"https:\/\/sahel.watch\/en\/wp-json\/wp\/v2\/posts\/22416\/revisions\/22419"}],"wp:attachment":[{"href":"https:\/\/sahel.watch\/en\/wp-json\/wp\/v2\/media?parent=22416"}],"wp:term":[{"taxonomy":"acteur","embeddable":true,"href":"https:\/\/sahel.watch\/en\/wp-json\/wp\/v2\/acteur?post=22416"},{"taxonomy":"niveau","embeddable":true,"href":"https:\/\/sahel.watch\/en\/wp-json\/wp\/v2\/niveau?post=22416"},{"taxonomy":"risque","embeddable":true,"href":"https:\/\/sahel.watch\/en\/wp-json\/wp\/v2\/risque?post=22416"},{"taxonomy":"thematique","embeddable":true,"href":"https:\/\/sahel.watch\/en\/wp-json\/wp\/v2\/thematique?post=22416"},{"taxonomy":"zone","embeddable":true,"href":"https:\/\/sahel.watch\/en\/wp-json\/wp\/v2\/zone?post=22416"}],"curies":[{"name":"wp","href":"https:\/\/api.w.org\/{rel}","templated":true}]}}